{"id":13615,"date":"2023-01-12T21:17:05","date_gmt":"2023-01-12T20:17:05","guid":{"rendered":"https:\/\/kochise.com.es\/wordpress\/?p=13615"},"modified":"2026-04-11T09:16:54","modified_gmt":"2026-04-11T08:16:54","slug":"el-campamento-romano-de-los-llanos-en-la-olmeda-soria","status":"publish","type":"post","link":"https:\/\/kochise.com.es\/wordpress\/el-campamento-romano-de-los-llanos-en-la-olmeda-soria\/","title":{"rendered":"El campamento romano de Los Llanos en La Olmeda (Soria)"},"content":{"rendered":"<p><img loading=\"lazy\" decoding=\"async\" class=\"alignnone size-large\" src=\"https:\/\/dl.dropboxusercontent.com\/s\/jqb3x9wtko3x6i2\/Los_Llanos-La_Olmeda-LiDAR.png\" width=\"1365\" height=\"552\" \/><\/p>\n<div class=\"su-heading su-heading-style-default su-heading-align-center\" id=\"\" style=\"font-size:20px;margin-bottom:30px\"><div class=\"su-heading-inner\">El campamento romano de Los Llanos en La Olmeda (Soria)<\/div><\/div>\n<p style=\"text-align: justify;\">El lugar de La Olmeda, en la provincia de Soria, cuenta como asentamiento humano con m\u00e1s de mil a\u00f1os de existencia. Como n\u00facleo de poblaci\u00f3n, La Olmeda ha disfrutado de una dilatada historia. La colectividad de <a href=\"https:\/\/kochise.com.es\/wordpress\/la-olmeda-soria-sede-de-la-junta-de-las-tres-casas\/\" target=\"_blank\" rel=\"noopener\">las Tres Casas de La Olmeda<\/a> ya se nombra en Los Anales Castellanos, en referencia a la \u00e9poca del conde castellano Sancho Garc\u00eda (995-1017), por lo que la constante menci\u00f3n en la documentaci\u00f3n hist\u00f3rica relativa a su fundaci\u00f3n en tiempos de <a href=\"https:\/\/es.wikipedia.org\/wiki\/Fern%C3%A1n_Gonz%C3%A1lez\" target=\"_blank\" rel=\"noopener\">Fern\u00e1n Gonz\u00e1lez<\/a> es un dato que confirman otras fuentes hist\u00f3ricas y que, por tanto, puede aceptarse.\u00a0A esto hay que sumarle el descubrimiento relativamente reciente mediante prospecci\u00f3n a\u00e9rea de la <strong>presencia de un campamento romano estable en las inmediaciones de La Olmeda<\/strong> que se remontar\u00eda al siglo I o II de nuestra era.<br \/>\n<!--more--><\/p>\n<p><strong>DESCUBRIMIENTO DE UN CAMPAMENTO ROMANO EN LA OLMEDA<\/strong><\/p>\n<p style=\"text-align: justify;\">A apenas 300 metros del n\u00facleo urbano de La Olmeda, en el interfluvio de los r\u00edos Ucero y Sequillo, se hallan localizadas las huellas de lo que fue un campamento romano cuyo descubrimiento se produce en este s. XXI mediante el estudio y tratamiento de fotograf\u00eda a\u00e9rea. El sobrevuelo y fotograf\u00eda de sectores que supuestamente acog\u00edan campamentos dio lugar a este <a href=\"https:\/\/vici.org\/#15\/41.55267050774037,-3.072558847170483\" target=\"_blank\" rel=\"noopener\">descubrimiento en los alrededores de La Olmeda<\/a>. Este es un caso en el que la detecci\u00f3n a\u00e9rea ha permitido revelar restos imperceptibles desde el suelo.<\/p>\n<p style=\"text-align: justify;\">Con anterioridad ya se hab\u00edan realizado hallazgos de campamentos romanos en la zona. En la d\u00e9cada de los 90 del siglo pasado se dio a conocer la existencia de una estructura identificable como campamento romano en las proximidades del conjunto arqueol\u00f3gico de la antigua ciudad de <em>Uxama Argaela<\/em>, tambi\u00e9n a partir de fotograf\u00edas a\u00e9reas verticales (Garc\u00eda Merino, C., 1996). Este recinto est\u00e1 situado a 1 km de distancia de la ciudad, en la otra orilla del r\u00edo Ucero, con forma rectangular (forma de naipe) de 185 x125 m (2,3 ha). Se ha considerado la estructura de un campamento de peque\u00f1o tama\u00f1o y escasa duraci\u00f3n, con cerca probablemente de madera. Junto a este recinto, y al este, parece distinguirse parte de otra estructura algo mayor del mismo tipo (240 x 160 m, 3,8 ha). El procesamiento m\u00e1s reciente de im\u00e1genes nos informa, sin embargo, que en la actualidad ambos recintos se hallan completamente arrasados a nivel de superficie, por lo que no es posible apreciar resto alguno de sus parapetos originales.<\/p>\n<p style=\"text-align: justify;\">En junio de 2007 se program\u00f3 y realiz\u00f3 un sobrevuelo para confirmar y documentar, incluso completar aquellos rastreos. Sin embargo, otro campamento apareci\u00f3 un poco m\u00e1s al sur, de nuevo con forma de naipe pero de dimensiones mucho mayores, ocupando la confluencia entre el r\u00edo Ucero y su afluente el Sequillo, justo al norte del pueblo de La Olmeda. El terreno muy llano explica la toponimia de Los Llanos.<\/p>\n<div style=\"width: 636px\" class=\"wp-caption alignnone\"><a href=\"https:\/\/dl.dropboxusercontent.com\/s\/x8top4zprqg6j4w\/Campamentos-Los_LLanos_La_Olmeda.png\" target=\"_blank\" rel=\"noopener\" rel=\"lightbox[13615]\"><img loading=\"lazy\" decoding=\"async\" src=\"https:\/\/dl.dropboxusercontent.com\/s\/x8top4zprqg6j4w\/Campamentos-Los_LLanos_La_Olmeda.png\" alt=\"\" width=\"626\" height=\"596\" \/><\/a><p class=\"wp-caption-text\">La Olmeda (Soria). Los Llanos, cerca de La Olmeda. Posici\u00f3n de los tres campamentos identificados. 1 y 2: hallazgos anteriores. 3: descubrimiento reciente.<\/p><\/div>\n<p style=\"text-align: justify;\">A juzgar por la nitidez y recurrencia con que se ve reflejado tanto en la fotograf\u00eda a\u00e9rea hist\u00f3rica como en la moderna satelital, lo realmente sorprendente es que su descubrimiento se haya producido hace tan poco tiempo.<\/p>\n<hr \/>\n<p><strong>EL CAMPAMENTO ROMANO DE LOS LLANOS (LA OLMEDA)<\/strong><\/p>\n<p style=\"text-align: justify;\">La orientaci\u00f3n del campamento es casi norte-sur, con una ligera desviaci\u00f3n de 8 grados hacia el noreste que viene condicionada por el entorno f\u00edsico y la configuraci\u00f3n del terreno que enmarcan los r\u00edos Ucero y Sequillo. En las vistas a\u00e9reas el campamento es visible por una banda estrecha un poco m\u00e1s oscura -la zanja o foso-, formando un rect\u00e1ngulo alargado con forma de naipe de lienzos rectil\u00edneos y esquinales redondeados. Tanto en el lado norte como en el lado sur, este contraste se ve reforzado por una banda m\u00e1s clara en el interior del recinto, el <em>agger<\/em> (Didierjean, F., 2008).<\/p>\n<p style=\"text-align: justify;\"><a href=\"https:\/\/dl.dropboxusercontent.com\/s\/u26zappsps0ey33\/Los_Llanos-La_Olmeda-Esquema.png\" target=\"_blank\" rel=\"noopener\" rel=\"lightbox[13615]\"><img loading=\"lazy\" decoding=\"async\" class=\"alignright\" src=\"https:\/\/dl.dropboxusercontent.com\/s\/u26zappsps0ey33\/Los_Llanos-La_Olmeda-Esquema.png\" alt=\"\" width=\"164\" height=\"227\" \/><\/a>Dos marcadas l\u00edneas de tonalidad oscura, que se corresponder\u00edan con sendas trincheras de 2,2-3 m de anchura cada una (<em>fossa duplex<\/em>), delimitan su per\u00edmetro, situ\u00e1ndose al interior de las mismas un <em>agger<\/em> que el procesamiento de las fotograf\u00edas permite distinguir con claridad sobre el papel pero que en realidad se encuentra muy allanado. En el centro de los lienzos norte y sur puede apreciarse una interrupci\u00f3n del dispositivo defensivo que podr\u00eda indicar la presencia de sendos accesos. Asimismo, en el esquinal sudoeste se observa un peque\u00f1o terrapl\u00e9n que podr\u00eda corresponderse con un contra-<em>agger<\/em>. Pese a que el curso del r\u00edo Ucero ha afectado a buena parte del lienzo oeste del recinto, \u00e9ste ofrece en planta una casi perfecta forma rectangular. Sus notables dimensiones lo distancian de los campamentos situados en sus proximidades (Costa-Garc\u00eda, J.M. y Casal Garc\u00eda, R., 2015).<\/p>\n<p style=\"text-align: justify;\">El conjunto tiene 500 m de largo por 315 m de ancho, una relaci\u00f3n cuadrangular de 1,58 (bastante dentro de lo habitual para el m\u00f3dulo te\u00f3rico seguido por los <em>mensores<\/em> del ej\u00e9rcito), y el recinto cerrado mide 15,8 ha, lo suficiente para albergar una legi\u00f3n completa con sus cuerpos auxiliares asociados, incluso en \u00e9poca imperial (Didierjean, F., 2008). Los c\u00e1lculos de ocupaci\u00f3n pueden variar enormemente dependiendo del estudio que se tome como referente pero, seg\u00fan estimaciones realizadas, se ha calculado un \u00e1rea neta de 14,5 ha que podr\u00eda albergar hasta 7.500 efectivos y 15,63 cohortes (Costa Garc\u00eda, J.M., 2015).<\/p>\n<p style=\"text-align: justify;\">Sobre el terreno, el <em>vallum<\/em> todav\u00eda es claramente visible en muchos lugares. En particular, el lado norte ha conservado la huella de una zanja que forma en la topograf\u00eda un hueco muy perceptible, cuyo ancho supera los 10 m, que protege un <em>agger<\/em> muy aplanado pero a\u00fan m\u00e1s ancho (16,50 m). En medio de este lado norte, vemos una interrupci\u00f3n del <em>agger<\/em> de unos 5 m, que podr\u00eda corresponder a una puerta. El lado occidental ha desaparecido en parte, v\u00edctima de la erosi\u00f3n del r\u00edo Ucero, pero toda la estructura est\u00e1 bastante bien conservada, dada su ubicaci\u00f3n en una zona que ha sido cultivada durante mucho tiempo (Didierjean, F., 2008).<\/p>\n<div style=\"width: 640px\" class=\"wp-caption alignnone\"><a href=\"https:\/\/dl.dropboxusercontent.com\/s\/dnprzdn2tl3kxuq\/Los_Llanos_La_Olmeda_Didierjean.jpg\" target=\"_blank\" rel=\"noopener\" rel=\"lightbox[13615]\"><img loading=\"lazy\" decoding=\"async\" src=\"https:\/\/dl.dropboxusercontent.com\/s\/dnprzdn2tl3kxuq\/Los_Llanos_La_Olmeda_Didierjean.jpg\" alt=\"\" width=\"630\" height=\"413\" \/><\/a><p class=\"wp-caption-text\">La Olmeda (Soria). Los Llanos. El gran campamento visto desde el norte (20 de junio de 2007). En la confluencia de Ucero y Sequillo, un vasto recinto forma un rect\u00e1ngulo de esquinas redondeadas, situado cerca de la v\u00eda que un\u00eda la cuenca del Ebro con Lusitania por el valle del Duero. El lado oeste (derecha) ha sido da\u00f1ado por la erosi\u00f3n fluvial. El trazo rectangular sombreado m\u00e1s oscuro corresponde a la huella del foso (<em>fossa duplex<\/em>) y en claro a la del <em>agger<\/em>. Con sus 15,8 ha podr\u00eda albergar una legi\u00f3n.<\/p><\/div>\n<div style=\"width: 693px\" class=\"wp-caption alignnone\"><a href=\"https:\/\/dl.dropboxusercontent.com\/s\/k1l6lpmnumk0jdf\/Los_Llanos-fotogramaPNOA_2006_ETRS89_HU30_H50_0377_y_visualizacion_MDT-LiDAR.png\" target=\"_blank\" rel=\"noopener\" rel=\"lightbox[13615]\"><img loading=\"lazy\" decoding=\"async\" src=\"https:\/\/dl.dropboxusercontent.com\/s\/k1l6lpmnumk0jdf\/Los_Llanos-fotogramaPNOA_2006_ETRS89_HU30_H50_0377_y_visualizacion_MDT-LiDAR.png\" alt=\"\" width=\"683\" height=\"486\" \/><\/a><p class=\"wp-caption-text\">Recinto de Los Llanos en el fotograma PNOA 2006_ETRS89_ HU30_H50_0377 (Izq.) y tras procesar y aplicar t\u00e9cnicas de visualizaci\u00f3n al MDT-LiDAR (Der.).<\/p><\/div>\n<p style=\"text-align: justify;\">A pesar de la detecci\u00f3n de estructuras, fosos y trincheras mediante t\u00e9cnicas de procesamiento de im\u00e1genes, el mejor modo de detectar estructuras sobre el terreno sigue siendo la observaci\u00f3n de variaciones crom\u00e1ticas en la fotograf\u00eda. En el caso de Los Llanos es especialmente ilustrativo pues tanto las im\u00e1genes a\u00e9reas -hist\u00f3ricas y modernas- como las satelitales muestran a las claras la existencia de una <em>fossa duplex<\/em>. En el modelo procesado, no obstante, se aprecia una \u00fanica depresi\u00f3n con una anchura que abarca ambos trazados. Podr\u00eda pensarse, mediante el empleo en solitario de esta \u00faltima herramienta, que estamos ante una sola trinchera pero lo m\u00e1s probable es que los dos fosos originales fuesen colmatados y allanados conformando el mencionado hundimiento.<\/p>\n<p style=\"text-align: justify;\">La observaci\u00f3n de las variaciones crom\u00e1ticas tambi\u00e9n permite reconocer en varias de las series de im\u00e1genes hist\u00f3ricas y satelitales disponibles la existencia de trazas en el terreno de una estructura cuadrada centrada geom\u00e9tricamente en el interior del recinto que podr\u00eda coincidir con el <em>principia<\/em> o alguna de las construcciones principales, as\u00ed como de una v\u00eda central que unir\u00eda la puerta norte con la puerta sur que sin m\u00e1s informaci\u00f3n no puede quedar determinada como <em>v\u00eda praetoria<\/em> o como <em>v\u00eda principalis<\/em>. De este modo, a pesar de su forma, sin una investigaci\u00f3n m\u00e1s profunda no puede concluirse con seguridad que el campamento est\u00e9 orientado en direcci\u00f3n norte-sur. Tambi\u00e9n parece intuirse la impronta de lo que parece podr\u00edan ser varias v\u00edas transversales en su mitad norte que formar\u00edan parte del trazado en cuadr\u00edcula t\u00edpico de la ordenaci\u00f3n interna de los campamentos romanos y que dar\u00eda una aproximaci\u00f3n a la disposici\u00f3n de los ejes viarios.<\/p>\n<p><a href=\"https:\/\/dl.dropboxusercontent.com\/s\/ykizjd6zeji9bbt\/Los_Llanos-La_Olmeda-Trazas.png\" target=\"_blank\" rel=\"noopener\" rel=\"lightbox[13615]\"><img loading=\"lazy\" decoding=\"async\" class=\"alignnone\" src=\"https:\/\/dl.dropboxusercontent.com\/s\/ykizjd6zeji9bbt\/Los_Llanos-La_Olmeda-Trazas.png\" alt=\"\" width=\"1230\" height=\"801\" \/><\/a><\/p>\n<p><span style=\"font-size: 8pt;\"><span style=\"text-decoration: underline;\">Nota<\/span>: <em>Los romanos aplicaban muchos de sus conceptos de planeamiento urbano a la hora de construir los campamentos. No obstante, mientras que en las ciudades y colonias la <\/em>via decumana<em> era el camino este-oeste y la <\/em>v\u00eda principalis<em> el camino norte-sur, en los campamentos<\/em><em>\u00a0la posici\u00f3n de las compuertas y caminos depend\u00eda de la ubicaci\u00f3n del enemigo con respecto al campamento.<\/em><\/span><\/p>\n<hr \/>\n<p><strong>ACERCA DEL ESTADO DE CONSERVACION<\/strong><\/p>\n<p style=\"text-align: justify;\">La estructura del campamento se ha visto afectado por la acci\u00f3n antr\u00f3pica. El laboreo agr\u00edcola ha sido hist\u00f3ricamente uno de los principales factores de deterioro de los yacimientos arqueol\u00f3gicos, especialmente desde la introducci\u00f3n de la maquinaria pesada en estos trabajos.<\/p>\n<div style=\"width: 193px\" class=\"wp-caption alignright\"><a href=\"https:\/\/dl.dropboxusercontent.com\/s\/t6of3h2ug5xmlfk\/1956-1957_Americano_Serie_B-Filmoteca_Digital_CNIG.png\" target=\"_blank\" rel=\"noopener\" rel=\"lightbox[13615]\"><img loading=\"lazy\" decoding=\"async\" src=\"https:\/\/dl.dropboxusercontent.com\/s\/t6of3h2ug5xmlfk\/1956-1957_Americano_Serie_B-Filmoteca_Digital_CNIG.png\" alt=\"\" width=\"183\" height=\"376\" \/><\/a><p class=\"wp-caption-text\">Fotograf\u00eda 1956-1957 Americano Serie B (CNIG)<\/p><\/div>\n<p style=\"text-align: justify;\">La llanura que alberga el recinto del campamento sufri\u00f3 a principios de los a\u00f1os 70 un proceso de concentraci\u00f3n parcelaria buscando un aprovechamiento m\u00e1s racional del terreno. A priori estas transformaciones habr\u00edan acelerado el desgaste de las estructuras pero no se puede establecer su nivel de conservaci\u00f3n en momentos m\u00e1s antiguos. Lo que s\u00ed ha permitido el proceso de concentraci\u00f3n parcelaria es una mejor visibilidad de los restos aunque no siempre existe una relaci\u00f3n directa entre visibilidad y su grado de conservaci\u00f3n. Cabr\u00eda plantearse si en este caso la concentraci\u00f3n parcelaria no habr\u00e1 contribuido precisamente al mejor conocimiento del recinto debido a que la agrupaci\u00f3n de los terrenos ofrece un lienzo uniforme sobre el que las estructuras destacan con mayor facilidad.<\/p>\n<p style=\"text-align: justify;\">Respecto al estado de conservaci\u00f3n actual de los <em>aggeres<\/em> del campamento de Los Llanos, aun pudi\u00e9ndose distinguir mediante t\u00e9cnicas inform\u00e1ticas de visualizaci\u00f3n o iluminaci\u00f3n, lo cierto es que conservan apenas una altitud de entre 5 y 20 cm. Dado que la profundidad de los fosos se establece en valores semejantes, en muchos sectores las estructuras son pr\u00e1cticamente indistinguibles a nivel de superficie (Costa-Garc\u00eda, J.M., 2015; Costa-Garc\u00eda, J.M. y Casal Garc\u00eda, R., 2015).<\/p>\n<p style=\"text-align: justify;\">Se trata de un yacimiento poco estudiado en el que la intervenci\u00f3n arqueol\u00f3gica sobre el mismo no ha ido m\u00e1s all\u00e1 de las habituales t\u00e9cnicas de prospecci\u00f3n a\u00e9rea y una somera inspecci\u00f3n y comprobaci\u00f3n superficial sin que se haya realizado todav\u00eda el fundamental aporte de una profunda prospecci\u00f3n sobre el terreno para su investigaci\u00f3n.<\/p>\n<p style=\"text-align: justify;\">Por otra parte, este yacimiento arqueol\u00f3gico, como otros de las inmediaciones, ha sufrido el expolio por parte de &#8220;buscadores de tesoros&#8221; locales lo que supone la p\u00e9rdida casi irreversible de unos hallazgos que pudieran permitir una interpretaci\u00f3n hist\u00f3rica y una dataci\u00f3n precisa del sitio.<\/p>\n<blockquote><p>El actual propietario ha convertido este sector, antes plantado de vid, en pastizal para desalentar a los buscadores ilegales. Seg\u00fan \u00e9l, el sitio ha entregado monedas a trav\u00e9s de su acci\u00f3n \u2013muchas de las cuales estaban como nuevas\u2013, anillos de bronce, puntas de lanza de hierro y bellotas de plomo\u2026 perdidos para el estudio cient\u00edfico (Didierjean, F., 2008).<\/p><\/blockquote>\n<p style=\"text-align: justify;\">Ahora mismo los terrenos en los que se ubica el campamento romano de Los Llanos de La Olmeda se encuentran vallados dedicados a pastos de explotaciones ganaderas, resultando de dif\u00edcil o imposible acceso. A\u00fan as\u00ed, todav\u00eda se pueden observar algunos piedras de forma irregular con cierto tallaje entre la gran cantidad de cantos cuarc\u00edticos producto de la sedimentaci\u00f3n del r\u00edo que abundan en el paraje, seguramente restos procedentes de las construcciones permanentes del campamento que se realizaran con este material.<\/p>\n<p><img loading=\"lazy\" decoding=\"async\" class=\"alignnone \" src=\"https:\/\/dl.dropboxusercontent.com\/scl\/fi\/p5pvrhdqa9mv1rp3zzrre\/IMG_20230722_185134.jpg?rlkey=ep3lj8j8h4sgp73ezhv02i68g&amp;dl=0\" width=\"325\" height=\"188\" \/>\u00a0<img loading=\"lazy\" decoding=\"async\" class=\"alignnone \" src=\"https:\/\/dl.dropboxusercontent.com\/scl\/fi\/ykq9zsxnet19yq6hq76ov\/IMG_20230723_170933.jpg?rlkey=w5zdaklb87i5jtnmnu5a6jh0n&amp;dl=0\" width=\"325\" height=\"188\" \/><\/p>\n<p style=\"text-align: justify;\">Estos datos permiten hacernos una idea del serio riesgo que corre el yacimiento en la actualidad y de la necesidad de que existan adecuados protocolos para su protecci\u00f3n. Dado el riesgo de que en muchos casos las antiguas estructuras queden completamente arrasadas en el transcurso de pocas d\u00e9cadas, deber\u00eda considerarse la exigencia de una intervenci\u00f3n arqueol\u00f3gica y un estudio que contemplara, al menos, la realizaci\u00f3n de un completo mapeado que permita reconstruir la planimetr\u00eda del recinto y la apertura de sondeos puntuales para conocer mejor sus defensas.<\/p>\n<hr \/>\n<p><strong>INTERPRETACI\u00d3N DEL CAMPAMENTO ROMANO DE LOS LLANOS (LA OLMEDA)<\/strong><\/p>\n<p style=\"text-align: justify;\">No hay ninguna referencia en las fuentes documentales cl\u00e1sicas que confirmen el hallazgo del campamento romano de Los Llanos en La Olmeda ya que los autores cl\u00e1sicos centraron su atenci\u00f3n en aquellos que jugaron un importante papel en la conquista de <em>Hispania<\/em> o que perduraron m\u00e1s en el tiempo.<\/p>\n<p style=\"text-align: justify;\">No se puede dejar de advertir que su posici\u00f3n, a la entrada de la cuenca del Duero, en una v\u00eda de acceso directo a Roma, constitu\u00eda un notable puesto de vigilancia que permit\u00eda una r\u00e1pida intervenci\u00f3n en todo el centro y oeste de la pen\u00ednsula.<\/p>\n<p style=\"text-align: justify;\">Se trata de un campamento de gran tama\u00f1o ubicado en llano,\u00a0en las proximidades (3 km) de la antigua e influyente ciudad de <em>Uxama Argaela<\/em>, donde conflu\u00edan algunos de los principales ejes viarios de <em>Hispania<\/em> y, a su vez, v\u00edas secundarias que articulaban la comunicaci\u00f3n con otros n\u00facleos de poblaci\u00f3n de la zona. Se trata de caminos conocidos de antiguo, a menudo utilizados por los romanos durante sus campa\u00f1as militares en la Celtiberia y sobre los que el campamento de Los Llanos ejerce un notable dominio visual. Es muy posible, por tanto, que su emplazamiento est\u00e9 en alguna medida relacionado con el control de estas importantes rutas o, en un sentido m\u00e1s amplio, su cometido podr\u00eda haber sido el de vigilar el nudo viario uxamense.\u00a0Su forma de naipe evoca m\u00e1s bien al <a href=\"https:\/\/es.wikipedia.org\/wiki\/Alto_Imperio_romano\" target=\"_blank\" rel=\"noopener\">Alto Imperio<\/a>, lo que supone indicios de presencia militar fuera del \u00e1rea reducida del noroeste, por lo que su relaci\u00f3n con los movimientos de tropas entre Italia y las guarniciones del noroeste y con la conquista no es obvia, no encajando en este esquema.<\/p>\n<p style=\"text-align: justify;\">El campamento de Los Llanos destaca por su gran extensi\u00f3n (15,8 ha), y por la existencia de un imponente <em>agger<\/em> (ancho conservado de 16,50 m) por lo que es dudoso que se trate de un simple campamento de etapa. Est\u00e1 situado en el eje Ebro-Duero que conduce, no hacia el noroeste, sino hacia Lusitania por Villalaz\u00e1n (Zamora), donde se ha detectado otro campamento. Por lo tanto, tambi\u00e9n es necesario considerar la hip\u00f3tesis de una <em>Hispania<\/em> en los siglos I y II d.C. menos pac\u00edfica de lo que dicen las fuentes, que requiere una presencia militar cerca de las ciudades encrucijadas, que ofrece posibilidades de intervenci\u00f3n r\u00e1pida en un territorio extenso y capaz de controlar ejes considerados estrat\u00e9gicos (Didierjean, F.; Morillo Cerd\u00e1n, A.; Petit-Aupert, C., 2014).<\/p>\n<p style=\"text-align: justify;\">La verosimilitud de que se trate de un establecimiento permanente viene dada, adem\u00e1s de por la propia estructura del parapeto defensivo, porque para el establecimiento de campamentos permanentes se prefer\u00edan los llanos o cerros con suaves pendientes. La preferencia por las cuencas hidrogr\u00e1ficas y las confluencias fluviales casi puede considerarse una regla en estos casos. Los campamentos romanos establecidos en terrenos llanos muestran localizaciones menos destacadas, pero otorgaban un gran control visual sobre el entorno inmediato en la corta y media distancia. Su situaci\u00f3n tambi\u00e9n atestigua un uso estrat\u00e9gico de los cursos de agua, y su ubicaci\u00f3n cercana a una confluencia fluvial otorga la protecci\u00f3n de m\u00e1s del 50% del per\u00edmetro defensivo. As\u00ed, esta posici\u00f3n claramente deriva de un comportamiento defensivo fuertemente planificado y de una explotaci\u00f3n estrat\u00e9gica del paisaje circundante (Costa-Garc\u00eda, J.M., 2017).<\/p>\n<p style=\"text-align: justify;\">Hoy, la hierba y los cultivos lo ocultan todo, pero estos indicios vienen en apoyo de las observaciones a\u00e9reas, y confirman el papel esc\u00e9nico que iba a jugar <em>Uxama<\/em> en el movimiento de tropas hacia la cuenca del Duero y el oeste peninsular. El descubrimiento de este campamento plantea, sin embargo, ciertos interrogantes:<\/p>\n<ul>\n<li style=\"text-align: justify;\">En primer lugar, el de la relaci\u00f3n entre los diferentes y numerosos campamentos localizados en las proximidades: \u00bffuncionaron simult\u00e1neamente o sucesivamente? De ser sincr\u00f3nicos en el tiempo, estos recintos hablar\u00edan de un volumen de tropas muy numeroso, lo que lleva a proponer un posible paisaje mucho m\u00e1s complejo de la zona de lo que se cre\u00eda. Si, por el contrario, se tratase de asentamientos diacr\u00f3nicos, quiz\u00e1 podr\u00eda considerarse el Duero como eje de movilidad de tropas a trav\u00e9s del centro peninsular.<\/li>\n<li style=\"text-align: justify;\">\u00bfEs un campamento de la \u00e9poca imperial, como sugiere su forma? y, en este caso, \u00bfc\u00f3mo se explica la existencia de una estructura tan importante \u2013porque obviamente no es un simple campamento de marcha\u2013 en este lugar, cuando se pensaba que la pen\u00ednsula estaba pacificada, y que la presencia militar all\u00ed se limitaba al noroeste, a la que se accede por otras rutas?<\/li>\n<li style=\"text-align: justify;\">Encontramos tambi\u00e9n el problema de la cronolog\u00eda relativa entre el campamento y el pueblo cercano, que no est\u00e1 resuelto.<\/li>\n<\/ul>\n<p style=\"text-align: justify;\">En cualquier caso, se trata de unas primeras propuestas de partida, pues s\u00f3lo el avance de la investigaci\u00f3n podr\u00e1 ir esclareciendo estas cuestiones. Cabr\u00eda resaltar la gran dificultad que supone datar y clasificar los recintos militares y, m\u00e1s a\u00fan, asociarlos a episodios hist\u00f3ricos concretos. La construcci\u00f3n de narrativas m\u00e1s detalladas exigir\u00eda estudios, prospecciones y excavaciones arqueol\u00f3gicas en profundidad sobre el terreno que permitieran determinar con fiabilidad su contexto hist\u00f3rico.<\/p>\n<p style=\"text-align: justify;\"><span style=\"font-size: 8pt;\"><span style=\"text-decoration: underline;\">Nota<\/span>: <em>La planta en forma de naipe es uno de los principales rasgos morfol\u00f3gicos definitorios de los campamentos romanos Alto imperiales frente a los de \u00e9poca Republicana, que suelen presentar morfolog\u00edas cuadrangulares y esquinales con marcados \u00e1ngulos rectos. Sin embargo, no se trata de un criterio determinante pues, en ocasiones, estos \u00faltimos tambi\u00e9n pueden presentar esquinales redondeados.<\/em><\/span><\/p>\n<hr \/>\n<table style=\"border-collapse: collapse; width: 100%;\">\n<tbody>\n<tr>\n<td style=\"width: 50%;\"><div class=\"su-youtube su-u-responsive-media-yes\"><iframe loading=\"lazy\" width=\"300\" height=\"200\" src=\"https:\/\/www.youtube.com\/embed\/64ZV7ZzUiXI?autohide=1&amp;autoplay=0&amp;mute=0&amp;controls=1&amp;fs=1&amp;loop=0&amp;modestbranding=0&amp;rel=0&amp;showinfo=1&amp;theme=light&amp;wmode=&amp;playsinline=0\" frameborder=\"0\" allowfullscreen allow=\"autoplay; encrypted-media; picture-in-picture\" title=\"\"><\/iframe><\/div><\/td>\n<td style=\"width: 50%;\"><div class=\"su-youtube su-u-responsive-media-yes\"><iframe loading=\"lazy\" width=\"300\" height=\"200\" src=\"https:\/\/www.youtube.com\/embed\/JyrorE5LE10?autohide=1&amp;autoplay=0&amp;mute=0&amp;controls=1&amp;fs=1&amp;loop=0&amp;modestbranding=0&amp;rel=0&amp;showinfo=1&amp;theme=light&amp;wmode=&amp;playsinline=0\" frameborder=\"0\" allowfullscreen allow=\"autoplay; encrypted-media; picture-in-picture\" title=\"\"><\/iframe><\/div><\/td>\n<\/tr>\n<\/tbody>\n<\/table>\n<p><span style=\"font-weight: 300;\">Una somera descripci\u00f3n de los campamentos seg\u00fan la arqueolog\u00eda militar romana:<\/span><\/p>\n<p><strong>LOS CAMPAMENTOS ROMANOS (<em>CASTRUM<\/em>)<\/strong><\/p>\n<p style=\"text-align: justify;\">Los romanos usaban el t\u00e9rmino <em>castrum<\/em> para diferentes tama\u00f1os de campamentos, incluidas grandes fortalezas legionarias, fuertes m\u00e1s peque\u00f1os para cohortes o para fuerzas auxiliares, campamentos temporales y fuertes de &#8220;marcha&#8221;.<\/p>\n<p style=\"text-align: justify;\">El campamento (<em>castrum<\/em>) fue dise\u00f1ado para albergar y proteger a los soldados, su equipo y suministros cuando no estaban luchando o marchando. El campamento permiti\u00f3 a los romanos mantener un ej\u00e9rcito descansado y abastecido en el campo. Desde la \u00e9poca de <em>Augusto<\/em> (27 a.C-14 a.C.), se introdujeron <em>castras<\/em> m\u00e1s permanentes con edificios y muros de madera o piedra, ya que los l\u00edmites distantes y ganados con esfuerzo del imperio en expansi\u00f3n requer\u00edan guarniciones permanentes para controlar las amenazas locales y externas de las tribus guerreras. Anteriormente, las legiones se reclutaban para campa\u00f1as militares espec\u00edficas y posteriormente se disolv\u00edan, requiriendo solo una <em>castra<\/em> temporal. A partir de entonces se establecieron muchas <em>castras<\/em> de varios tama\u00f1os, muchas de las cuales se convirtieron en asentamientos permanentes.<\/p>\n<p><img loading=\"lazy\" decoding=\"async\" class=\"\" src=\"https:\/\/i2.wp.com\/webdelmaestro.com\/wp-content\/uploads\/2015\/04\/campamento-romano.jpg\" width=\"359\" height=\"250\" \/><img loading=\"lazy\" decoding=\"async\" class=\"alignnone\" src=\"https:\/\/i.pinimg.com\/originals\/09\/e0\/a1\/09e0a132f72827fec877caecb6eb3a8a.jpg\" alt=\"\" width=\"282\" height=\"239\" \/><\/p>\n<p style=\"text-align: justify;\">El establecimiento de campamentos en diversos puntos geogr\u00e1ficos de la Pen\u00ednsula se debe a un cambio en la estrategia romana frente a los ind\u00edgenas. A partir del 140 a.C., el plan romano republicano de defensa fue desplazado por un planteamiento claramente ofensivo, que implic\u00f3 la necesidad de acumular fuertes contingentes militares en el terreno de forma perpetua, motivando la aparici\u00f3n de los primeros asentamientos campamentales. Respecto a la localizaci\u00f3n geogr\u00e1fica, se confirma su ubicaci\u00f3n en zonas donde el conflicto con los pueblos ind\u00edgenas o la propia lucha entre distintos ej\u00e9rcitos romanos tuvo car\u00e1cter m\u00e1s virulento, como la altiplanicie soriana o determinadas zonas de Lusitania.<\/p>\n<p><strong>Tipos de campamentos<\/strong><\/p>\n<p style=\"text-align: justify;\">El campamento romano era el centro principal de la estrategia militar pasiva o activa. Los campamentos pod\u00edan ser temporales, estacionales o estables. La diferencia entre unos y otros es bastante clara desde el punto de vista arqueol\u00f3gico puesto que las estructuras est\u00e1n dise\u00f1adas con un fin muy diferente.<\/p>\n<ul style=\"text-align: justify;\">\n<li>Campamentos temporales o campamentos &#8220;de marcha&#8221; (<em>castra aestiva<\/em>): Eran levantados al final de cada jornada de marcha y destruidos al marcharse del lugar.<\/li>\n<li>Campamento de invierno (<em>castra hiberna)<\/em>: Campamentos de car\u00e1cter estacional. Contaban con la misma distribuci\u00f3n y elementos que un campamento de marcha pero utilizaban materiales m\u00e1s duraderos. Las empalizadas se hac\u00edan m\u00e1s altas, los contubernios eran sustituidos por chozas, el <em>praetorium<\/em> del comandante tambi\u00e9n se hac\u00eda fijo, etc.<\/li>\n<li>Campamento estable (<em>castra stativa)<\/em>: Construidos en zonas estrat\u00e9gicas de un territorio para la organizaci\u00f3n y control de \u00e9ste, as\u00ed como para ser utilizados como refugio permanente de las tropas destinadas en esa zona.<\/li>\n<\/ul>\n<p style=\"text-align: justify;\">La construcci\u00f3n de un campamento estable no difiere mucho del de campa\u00f1a. La legi\u00f3n o una unidad militar auxiliar en marcha construyen el campamento despu\u00e9s de localizar un sitio ventajoso. El <em>praefectus castrorum<\/em> era el responsable de su ubicaci\u00f3n y el encargado de la edificaci\u00f3n del campamento. La madera, el forraje para las bestias y el agua eran tres de las m\u00e1s importantes necesidades que ten\u00eda un campamento y condicionaba, a veces, su ubicaci\u00f3n. El lugar elegido era limpiado de \u00e1rboles y matorrales y demarcado por los <em>agrimensores<\/em>, para indicar las defensas y los edificios del interior. Se marcaba el punto para los <em>principia<\/em> y la <em>porta praetoria<\/em>, y desde estos dos puntos se levanta todo el campamento.<\/p>\n<p><strong>Estructura del campamento romano<\/strong><\/p>\n<p style=\"text-align: justify;\">El testimonio m\u00e1s antiguo del uso por los romanos del campamento data del a\u00f1o 280 a.C. Los textos m\u00e1s completos sobre la forma y disposici\u00f3n de los establecimientos militares son un largo pasaje de <a href=\"https:\/\/es.wikipedia.org\/wiki\/Polibio\" target=\"_blank\" rel=\"noopener\">Polibio<\/a>, escrito en la segunda mitad del siglo II a. C., y la obra de <a href=\"https:\/\/es.wikipedia.org\/wiki\/Higino_Grom%C3%A1tico\" target=\"_blank\" rel=\"noopener\">Higinio<\/a> (<em>De Munitionibus Castrorum<\/em>), redactada en las primeras d\u00e9cadas del siglo II d. C. Las obras de Polibio e Higinio, separadas por un periodo de casi tres siglos, describen campamentos de forma muy similar, la que parece ser la planta habitual y que se considera el modelo &#8220;can\u00f3nico&#8221; de un campamento romano.<\/p>\n<div style=\"width: 272px\" class=\"wp-caption alignright\"><a href=\"https:\/\/dl.dropboxusercontent.com\/s\/wn4esfwijfceudf\/Campamento_romano-esquema_clasico.png\" target=\"_blank\" rel=\"noopener\" rel=\"lightbox[13615]\"><img loading=\"lazy\" decoding=\"async\" src=\"https:\/\/dl.dropboxusercontent.com\/s\/wn4esfwijfceudf\/Campamento_romano-esquema_clasico.png\" alt=\"\" width=\"262\" height=\"285\" \/><\/a><p class=\"wp-caption-text\">Reconstrucci\u00f3n de un <em>castrum aestiva<\/em> en base a la descripci\u00f3n hecha por Polibio<\/p><\/div>\n<div style=\"width: 345px\" class=\"wp-caption alignnone\"><a href=\"https:\/\/dl.dropboxusercontent.com\/s\/dhd1sosg31sfg45\/campamento_romano-plano_ideal.png\" target=\"_blank\" rel=\"noopener\" rel=\"lightbox[13615]\"><img loading=\"lazy\" decoding=\"async\" src=\"https:\/\/dl.dropboxusercontent.com\/s\/dhd1sosg31sfg45\/campamento_romano-plano_ideal.png\" alt=\"\" width=\"335\" height=\"310\" \/><\/a><p class=\"wp-caption-text\">Planta ideal b\u00e1sica de un campamento romano (<em>castrum<\/em>)<\/p><\/div>\n<p style=\"text-align: justify;\">En ambos casos el recinto posee una forma cuadrangular y una organizaci\u00f3n ortogonal vinculada en torno a dos <strong>v\u00edas<\/strong>: <em>via praetoria<\/em> y la <em>via principalis<\/em>, en cuya intersecci\u00f3n se sit\u00faa los dos edificios m\u00e1s importantes, <em>principia<\/em> y p<em>raetorium<\/em>, flanqueado por el <em>forum<\/em> y el <em>quaestorium<\/em>. Suele existir una tercera calle, la <em>via quintana<\/em>, paralela a la <em>via principalis<\/em>. Se configura as\u00ed una estructura dividida en tres grandes partes.<\/p>\n<p style=\"text-align: justify;\"><a href=\"http:\/\/eaglesanddragonspublishing.com\/wp-content\/uploads\/2019\/03\/Plan-of-Novaesium-Neuss-Legionary-Fortress.png\" target=\"_blank\" rel=\"noopener\" rel=\"lightbox[13615]\"><img loading=\"lazy\" decoding=\"async\" class=\"alignright\" src=\"http:\/\/eaglesanddragonspublishing.com\/wp-content\/uploads\/2019\/03\/Plan-of-Novaesium-Neuss-Legionary-Fortress.png\" alt=\"\" width=\"265\" height=\"409\" \/><\/a>Queda as\u00ed determinado el plano geom\u00e9trico del campamento, conformado por un recinto en forma cuadrada, dividido por los grandes ejes, cortados en \u00e1ngulo recto y orientados a los cuatro puntos cardinales, en cuyos extremos se encontraban situadas <strong>las puertas<\/strong>, que, consiguientemente, eran cuatro: la <em>porta praetoria<\/em> o puerta principal, la <em>porta decumana<\/em>, quedando a derecha e izquierda las <em>portae principales -dextra et sinistra<\/em>. Las dos primeras estaban unidas por una calle -la <em>via praetoria<\/em> y su prolongaci\u00f3n en la <em>via decumana<\/em>-, y las otras dos por la <em>via principalis<\/em>.<\/p>\n<p style=\"text-align: justify;\">El espacio central de los campamentos era ocupado por <strong>los <em>principia<\/em> y el <em>praetorium<\/em><\/strong>. El primero era un conjunto de edificios que conformaba el cuartel general y constitu\u00eda el centro jur\u00eddico-administrativo y religioso del campamento. Por su parte el <em>praetorium<\/em> era la residencia del comandante y de su familia y se situaba en la conjunci\u00f3n de las dos calles principales, generalmente a la derecha de los <em>principia<\/em>.<\/p>\n<p style=\"text-align: justify;\">El <em>principia<\/em> estaba formado por un conjunto de edificios que ocupaban una extensi\u00f3n suficientemente amplia.\u00a0De la misma forma que no hay dos campamentos iguales no existen dos <em>principia<\/em> iguales, pero s\u00ed se dan una serie de estancias fijas y elementos comunes. Nos encontramos con una disposici\u00f3n tripartita: un patio, un espacio donde se dispon\u00edan una serie de oficinas y, en tercer lugar, una nave elevada (<em>basilica<\/em>).\u00a0Generalmente el patio de estos <em>principia<\/em> estaba rodeado de columnas, con lo que se creaba un ambulatorio, donde era com\u00fan hallar un pozo o fuente en una de sus esquinas, que servir\u00eda de reserva de agua y era utilizada en los sacrificios durante las ceremonias religiosas.<\/p>\n<p style=\"text-align: justify;\">Al otro lado de los <em>principia<\/em> se localizaban los graneros. Adem\u00e1s, dentro de un campamento nos podemos encontrar con el hospital, talleres, barracones donde resid\u00edan los soldados, las cocinas, las letrinas y otros servicios: establos, almacenes, etc.<\/p>\n<p style=\"text-align: justify;\"><a href=\"https:\/\/qph.cf2.quoracdn.net\/main-qimg-32324c3fbfe81f7c863887443c500506-lq\" target=\"_blank\" rel=\"noopener\"><img loading=\"lazy\" decoding=\"async\" class=\"alignright\" src=\"https:\/\/qph.cf2.quoracdn.net\/main-qimg-32324c3fbfe81f7c863887443c500506-lq\" alt=\"\" width=\"279\" height=\"146\" \/><\/a>Todos los campamentos contaban con una serie de defensas y obst\u00e1culos para su <strong>fortificaci\u00f3n<\/strong> que consist\u00edan en una trinchera o foso exterior (<em>fossa<\/em>) y un terrapl\u00e9n interior (<em>agger<\/em>), espacios destinados a prevenir una acometida e invasi\u00f3n repentina del enemigo y a proporcionar a la l\u00ednea defensiva medios de repelerlo desde una posici\u00f3n ventajosa. Con la tierra extra\u00edda al cavar el foso constru\u00edan el terrapl\u00e9n, que ven\u00eda culminado por una empalizada (<em>vallum<\/em>) formada por palos, estacas y ramas, que elevaba la fortificaci\u00f3n y permit\u00eda observar el terreno de delante.<\/p>\n<p style=\"text-align: justify;\">En cuanto al <em>vallum<\/em>, a partir de la \u00e9poca de C\u00e9sar, sus esquinas se hacen redondas para evitar de esta manera que haya espacios descubiertos a las defensas y aparecen las <em>claviculae<\/em> en las puertas, especie de baluartes curvos para mejor control de entradas y salidas por parte de los vigilantes, lo que supon\u00eda un perfeccionamiento respecto al modelo de Polibio.<\/p>\n<p style=\"text-align: justify;\">Las puertas de acceso al campamento contaban a su vez con torres. Delante de las puertas se colocaban barreras en disposici\u00f3n de <em>titulum<\/em>, soluci\u00f3n defensiva consistente en un foso y un obst\u00e1culo terrero frente al vano de acceso.\u00a0Adem\u00e1s, se sol\u00eda disponer en las murallas de torres sobre todo en los lugares m\u00e1s vulnerables como pod\u00edan ser las esquinas.<\/p>\n<p style=\"text-align: justify;\">Ya en el interior del campamento, y en contacto con esta empalizada, adem\u00e1s de un terrapl\u00e9n (<em>agger<\/em>), nos encontramos con el <em>intervallum<\/em> o espacio vac\u00edo que serv\u00eda de per\u00edmetro de seguridad ante los proyectiles del enemigo y que facilitaba el r\u00e1pido acceso a las murallas. Era en ese lugar donde se sol\u00edan situar las letrinas, las cocinas, los hornos, etc.<\/p>\n<p style=\"text-align: justify;\">Este trazado ideal, as\u00ed como su instalaci\u00f3n y forma no ser\u00edan del todo inflexibles, sino que se ver\u00edan condicionadas, y a veces determinadas, por las condiciones topogr\u00e1ficas y geogr\u00e1ficas del terreno, el acceso al agua, a la madera, los efectivos, proximidad del enemigo y las exigencias de las t\u00e1cticas militares o de otro tipo.<\/p>\n<p><strong>Elementos de arquitectura identificativos de los campamentos romanos<\/strong><\/p>\n<p style=\"text-align: justify;\">Los sistemas defensivos y los edificios interiores <strong>en piedra<\/strong> s\u00f3lo aparecen en recintos con cierta perduraci\u00f3n. La construcci\u00f3n de campamentos realizada <strong>con materiales perecederos<\/strong> est\u00e1 m\u00e1s extendida. De la estructura constructiva compuesta de foso, terrapl\u00e9n y empalizada normalmente s\u00f3lo se constatan arqueol\u00f3gicamente los restos de estructuras negativas excavadas en el terreno. El caso m\u00e1s evidente y conocido de tales estructuras es el de los fosos. El desnivel que se aprecia actualmente en el terreno causado por la presencia del antiguo foso (o dos fosos paralelos caracter\u00edsticos de una <em>fossa duplex<\/em>, cuyo perfil puede ser en &#8220;V&#8221; o en &#8220;U&#8221;) suele ir acompa\u00f1ado por una elevaci\u00f3n artificial en uno de sus lados, correspondiente al antiguo terrapl\u00e9n. Ocasionalmente pueden conservarse asimismo restos de estructuras constructivas negativas, practicadas por debajo del nivel natural del terreno, a modo de trincheras o zanjas de cimentaci\u00f3n, que estuvieron destinadas a albergar durmientes en madera para fundamentar construcciones sustentadas mediante postes, cuyas huellas han quedado marcadas sobre el terreno.<\/p>\n<p style=\"text-align: justify;\">En muchas ocasiones las construcciones interiores nunca debieron existir, como en el caso de campamentos de campa\u00f1a con tiendas de cuero en su interior, testimoniadas \u00fanicamente por piquetas y clavijas de tienda.<\/p>\n<p style=\"text-align: justify;\">Una gran mayor\u00eda de los campamentos localizados permanecen sin un trabajo sistem\u00e1tico, y es habitual la carencia de categorizaci\u00f3n cronol\u00f3gica o de su naturaleza. Por el contrario, suele conocerse una descripci\u00f3n pormenorizada de su superficie, tama\u00f1o, morfolog\u00eda y tipolog\u00eda, por la facilidad de adquisici\u00f3n de estos datos. Actualmente los m\u00e1s aceptados como seguros corresponden a asentamientos estables cuyo top\u00f3nimo, adem\u00e1s, ha perdurado a lo largo del tiempo.<\/p>\n<hr \/>\n<p><strong>FUENTES BIBLIOGR\u00c1FICAS<\/strong><\/p>\n<p><a href=\"https:\/\/minerva.usc.es\/xmlui\/handle\/10347\/8857\" target=\"_blank\" rel=\"noopener\">COSTA GARC\u00cdA, J.M. (2013). <em>Arqueologia de los asentamienos militares romanos en la hispania altoimperial (27 a.C.-ca. 280 d.C)<\/em>. Tesis doctoral, Departamento de Historia, Facultad de Xeograf\u00eda e Historia, Universidad de Santiago de Compostela.<\/a><\/p>\n<p><a href=\"https:\/\/www.researchgate.net\/publication\/330812144_Asentamientos_militares_romanos_en_el_norte_peninsular_aportes_de_la_fotografia_aerea_historica_la_fotografia_satelital_y_el_LiDAR_aereo\" target=\"_blank\" rel=\"noopener\">COSTA-GARCIA, J.M. (2015): <em>Asentamientos militares romanos en el norte peninsular: aportes de la fotograf\u00eda a\u00e9rea hist\u00f3rica, la fotograf\u00eda satelital y el LiDAR a\u00e9reo<\/em>, F\u00e9rvedes, 8, pp. 35-44.<\/a><\/p>\n<p><a href=\"https:\/\/minerva.usc.es\/xmlui\/bitstream\/handle\/10347\/23955\/16_Costa-Garcia%20_article_sjabloon_ENG_CC%20-%20kopie%20-%20kopie.pdf\" target=\"_blank\" rel=\"noopener\">COSTA-GARC\u00cdA, J.M. (2017): <em>The potential of the Geographic Information Techniques for the analysis of the morphology and settlement patterns of the Roman military sites of early imperial era in Iberia<\/em>. In book: V. Mayoral Herrera, C. Parcero-Oubi\u00f1a &amp; P. F\u00e1brega-\u00c1lvarez (Eds.), Archaeology and Geomatics. Harvesting the benefits of 10 years of training in the Iberian Peninsula (2006-2015). Leiden: Sidestone Press (pp. 209-226). Publisher: Sidestone Press.<\/a><\/p>\n<p><a href=\"https:\/\/minerva.usc.es\/xmlui\/bitstream\/handle\/10347\/14874\/Costa_Casal_2015_Portugalia_36_Fotografia_aerea_historica.pdf?sequence=1&amp;isAllowed=y\" target=\"_blank\" rel=\"noopener\">COSTA-GARCIA, J.M. y CASAL GARC\u00cdA, R. (2015): <em>Fotograf\u00eda a\u00e9rea hist\u00f3rica, satelital moderna y LiDAR a\u00e9reo en algunos recintos militares romanos de Castilla y Le\u00f3n<\/em>, Portvgalia, Nova S\u00e9rie, vol. 36, Porto, DCTP-FLUP, pp. 143-158.<\/a><\/p>\n<p><a href=\"https:\/\/dialnet.unirioja.es\/descarga\/articulo\/3044589.pdf\" target=\"_blank\" rel=\"noopener\">DIDIERJEAN, F. (2008): <em>Camps militaires romains et arch\u00e9ologie a\u00e9rienne: m\u00e9thodologie et donn\u00e9es nouvelles<\/em>, SALDVIE n.\u00ba 8, pp. 95-115.<\/a>\u00a0<a href=\"https:\/\/dl.dropboxusercontent.com\/s\/wmi13h0bjfmrhci\/Dialnet-CampsMilitairesRomainsEtArcheologieAerienne-3044589_ES.pdf\" target=\"_blank\" rel=\"noopener\">(ES)<\/a>.<\/p>\n<p><a href=\"https:\/\/www.researchgate.net\/publication\/341984258_Traces_de_guerres_traces_de_paix_armee_l%27apport_de_quatre_campagnes_de_prospection_aerienne_dans_le_nord_de_l%27Espagne\" target=\"_blank\" rel=\"noopener\">DIDIERJEAN, F.; MORILLO CERD\u00c1N, A.; PETIR-AUPERT, C. (2014): <em>Traces de guerres, traces de paix arm\u00e9e: l&#8217;apport de quatre campagnes de prospection a\u00e9rienne dans le nord de l&#8217;Espagne<\/em>.<\/a><\/p>\n<p><a href=\"https:\/\/aespa.revistas.csic.es\/index.php\/aespa\/article\/view\/244\" target=\"_blank\" rel=\"noopener\">GARC\u00cdA MERINO, C. (1996): <em>Un nuevo campamento romano en la cuenca del Duero: el recinto campamental de Uxama (Soria)<\/em>, Archivo Espa\u00f1ol de Arqueolog\u00eda, 69, pp. 269-273.<\/a><\/p>\n<p><a href=\"https:\/\/www.isprs.org\/proceedings\/xxxvi\/5-c53\/papers\/FP067.pdf\" target=\"_blank\" rel=\"noopener\">GILLANI, G. (2007): <em>The roman city of Uxama Argaela (Soria, Spain) and its study by means of remote sensing and digital cartography<\/em>. XXI International CIPA Symposium, Athens, Greece.<\/a><\/p>\n<p><a href=\"https:\/\/www.researchgate.net\/publication\/28321551_Criterios_arqueologicos_de_identificacion_de_los_campamentos_romanos_en_Hispania\" target=\"_blank\" rel=\"noopener\">MORILLO CERD\u00c1N, A. (2008): <em>Criterios arqueol\u00f3gicos de identificaci\u00f3n de los campamentos romanos en Hispania<\/em>. SALDVIE n.\u00ba 8, pp. 73-93.<\/a><\/p>\n<p><a href=\"https:\/\/revistaseug.ugr.es\/index.php\/florentia\/article\/view\/4340\" target=\"_blank\" rel=\"noopener\">RESINA SOLA, P. (1998): <em>Algunas precisiones sobre los campamentos romanos. <\/em>Revista de Estudios de Antig\u00fcedad Cl\u00e1sica. N\u00fam. 9, pp. 377-393.<\/a><\/p>\n<p><a href=\"https:\/\/revistas.uva.es\/index.php\/bsaaarq\/article\/view\/5427\/3935\" target=\"_blank\" rel=\"noopener\">VICENTE GARCIA, V. y D\u00cdAZ JIM\u00c9NEZ, S. (2021): <em>Nuevas evidencias arqueol\u00f3gicas en la provincia de Soria: posibles aportaciones para el estudio de la presencia militar romana en la Submeseta norte<\/em>. BSAA arqueolog\u00eda, LXXXVII, pp. 1-29.<\/a><\/p>\n<p><a href=\"https:\/\/publicaciones.unirioja.es\/ojs\/index.php\/iberia\/article\/view\/276\/258\" target=\"_blank\" rel=\"noopener\">ANDRES HURTADO, G. (2002): <em>Los lugares sagrados: los campamentos militares<\/em>. Universidad de La Rioja. Iberia. Revista dela Antig\u00fcedad, vol. 5, pp. 137-160.<\/a><\/p>\n<p><a href=\"https:\/\/repositori.uji.es\/xmlui\/handle\/10234\/164971\" target=\"_blank\" rel=\"noopener\">HERN\u00c1NDEZ BLANCO, A. (2016): <em>Roma en Guerra: El ej\u00e9rcito y campamentos en Hispania<\/em>. Trabajo Final de Grado en Historia y Patrimonio. Universitat Jaime I.<\/a><\/p>\n<p><a href=\"https:\/\/historicengland.org.uk\/images-books\/publications\/iha-roman-forts-fortresses\/heag230-roman-forts-fortresses\/\" target=\"_blank\" rel=\"noopener\">Historic England 2018. Roman Forts and Fortresses: Introductions to Heritage Assets. Swindon. Historic England.<\/a><\/p>\n<p><a href=\"https:\/\/viapraetoria.wordpress.com\/castramentacion-romana-un-apresurado-repaso-y-algunos-ejemplos-practicos\/\" target=\"_blank\" rel=\"noopener\">viapraetoria.wordpress.com | Castramentaci\u00f3n romana: Un apresurado repaso y algunos ejemplos pr\u00e1cticos<\/a><\/p>\n<hr \/>\n<p><strong>FUENTES FOTOGR\u00c1FICAS Y CARTOGR\u00c1FICAS<\/strong><\/p>\n<ul>\n<li>Centro Nacional de Informaci\u00f3n Geogr\u00e1fica (CNIG-IGN): Centro de descargas [<a href=\"http:\/\/centrodedescargas.cnig.es\/CentroDescargas\/\" target=\"_blank\" rel=\"noopener\">http:\/\/centrodedescargas.cnig.es\/CentroDescargas\/<\/a>] y Fototeca Digital [<a href=\"http:\/\/fototeca.cnig.es\/\" target=\"_blank\" rel=\"noopener\">http:\/\/fototeca.cnig.es\/<\/a>].<\/li>\n<li>Sistema de Informaci\u00f3n Geogr\u00e1fica de Parcelas Agr\u00edcolas (SIGPAC) [<a href=\"https:\/\/sigpac.mapama.gob.es\/fega\/visor\/\" target=\"_blank\" rel=\"noopener\">https:\/\/sigpac.mapama.gob.es\/fega\/visor\/<\/a>].<\/li>\n<li>Cartograf\u00eda del IGME [<a href=\"https:\/\/info.igme.es\/cartografiadigital\/otra\/mdt5.aspx\" target=\"_blank\" rel=\"noopener\">https:\/\/info.igme.es\/cartografiadigital\/otra\/mdt5.aspx<\/a>].<\/li>\n<li>Fotograf\u00edas por sat\u00e9lite de Bing [<a href=\"https:\/\/www.bing.com\/maps\/aerial\" target=\"_blank\" rel=\"noopener\">https:\/\/www.bing.com\/maps\/aerial<\/a>].<\/li>\n<li>Fotograf\u00edas por sat\u00e9lite de Google Inc. [<a href=\"https:\/\/www.google.com\/intl\/es\/earth\/\" target=\"_blank\" rel=\"noopener\">https:\/\/www.google.com\/intl\/es\/earth\/<\/a>].<\/li>\n<li>Fotograf\u00edas por sat\u00e9lite de Apple Maps [<a href=\"https:\/\/satellites.pro\/\" target=\"_blank\" rel=\"noopener\">https:\/\/satellites.pro\/<\/a>].<\/li>\n<li><span class=\"ytAttributedStringLinkInheritColor\" dir=\"auto\">ArcGIS Map Viewer \/ World Imagery [<\/span><span class=\"ytAttributedStringLinkInheritColor\" dir=\"auto\"><a class=\"ytAttributedStringLink ytAttributedStringLinkCallToActionColor\" tabindex=\"0\" href=\"https:\/\/www.youtube.com\/redirect?event=video_description&amp;redir_token=QUFFLUhqbkloWWJfeHM2LTA5NTV5YWlybnJDRmcxUE9Rd3xBQ3Jtc0trVURHZFVNMTR3WHZQQ2oxWUtyR283UDVZdkF5RURZVm9CWTRFV3V3T1I0OUVZSnRnOGtBUkZEQjAtUDRER29nUGF6MWEwRGlRSEowazdQRjlhdVU4OXEzSjNWSWlMLWNqQl9GWTBzNC14ZTlZZFF5aw&amp;q=https%3A%2F%2Fwww.arcgis.com%2Fapps%2Fmapviewer&amp;v=-0RQPOdXrqw\" target=\"_blank\" rel=\"nofollow noopener\">https:\/\/www.arcgis.com\/apps\/mapviewer<\/a><\/span>].<\/li>\n<li><span class=\"ytAttributedStringLinkInheritColor\" dir=\"auto\">Esri World Imagery Wayback [<\/span><span class=\"ytAttributedStringLinkInheritColor\" dir=\"auto\"><a class=\"ytAttributedStringLink ytAttributedStringLinkCallToActionColor\" tabindex=\"0\" href=\"https:\/\/www.youtube.com\/redirect?event=video_description&amp;redir_token=QUFFLUhqbXNkR051aDNmSkx4eS1Mc3duckpsSDBVZVpZd3xBQ3Jtc0tsdWhQR3ZhdWJXeGVuVmFxdm94akJhNmRELTc5bzBUTjk2RWNTZ2tCek1xWnQ5ek1lLUdxdTdJODR2THRVUExsYWdwRnBZNlBPZFRLaXlLR2FKMUFxRXRCb2pqdGJ3Q0ZXTGJpaGNHQzZ6a1NvMlEyaw&amp;q=https%3A%2F%2Flivingatlas.arcgis.com%2Fwayback&amp;v=-0RQPOdXrqw\" target=\"_blank\" rel=\"nofollow noopener\">https:\/\/livingatlas.arcgis.com\/wayback<\/a><\/span>].<\/li>\n<li>Fotograf\u00edas por sat\u00e9lite de cartograf\u00eda del Catastro [<a href=\"https:\/\/www1.sedecatastro.gob.es\/Cartografia\/FXCC\/Visor3D.aspx?del=42&amp;mun=71&amp;refcat=42071J018101030000GG&amp;final=\" target=\"_blank\" rel=\"noopener\">https:\/\/sedecatastro.gob.es<\/a>].<\/li>\n<\/ul>\n<hr \/>\n<p>&nbsp;<\/p>\n","protected":false},"excerpt":{"rendered":"<p>El lugar de La Olmeda, en la provincia de Soria, cuenta como asentamiento humano con m\u00e1s de mil a\u00f1os de existencia. Como n\u00facleo de poblaci\u00f3n, La Olmeda ha disfrutado de una dilatada historia. La colectividad de las Tres Casas de &hellip; <a href=\"https:\/\/kochise.com.es\/wordpress\/el-campamento-romano-de-los-llanos-en-la-olmeda-soria\/\">Continue reading <span class=\"meta-nav\">&rarr;<\/span><\/a><\/p>\n","protected":false},"author":2,"featured_media":0,"comment_status":"open","ping_status":"open","sticky":false,"template":"","format":"standard","meta":{"_exactmetrics_skip_tracking":false,"footnotes":""},"categories":[737],"tags":[1221,1222,1217,1215,1224,1223,1220,760,1219,1213,1218,1216,761,1214],"class_list":["post-13615","post","type-post","status-publish","format-standard","hentry","category-etnografia","tag-aerea","tag-agger","tag-arqeologia","tag-campamento","tag-castra","tag-foso","tag-fotografia","tag-la-olmeda","tag-lidar","tag-los-llanos","tag-ortofoto","tag-romano","tag-soria","tag-uxama"],"aioseo_notices":[],"aioseo_head":"\n\t\t<!-- All in One SEO 5.0.1.1 - aioseo.com -->\n\t<meta name=\"description\" content=\"El lugar de La Olmeda, en la provincia de Soria, cuenta como asentamiento humano con m\u00e1s de mil a\u00f1os de existencia. Como n\u00facleo de poblaci\u00f3n, La Olmeda ha disfrutado de una dilatada historia. La colectividad de las Tres Casas de La Olmeda ya se nombra en Los Anales Castellanos, en referencia a la \u00e9poca del\" \/>\n\t<meta name=\"robots\" content=\"max-image-preview:large\" \/>\n\t<meta name=\"author\" content=\"Ricardo Sanz\"\/>\n\t<meta name=\"keywords\" content=\"aerea,agger,arqeologia,campamento,castra,foso,fotografia,la olmeda,lidar,los llanos,ortofoto,romano,soria,uxama,etnograf\u00eda\" \/>\n\t<link rel=\"canonical\" href=\"https:\/\/kochise.com.es\/wordpress\/el-campamento-romano-de-los-llanos-en-la-olmeda-soria\/\" \/>\n\t<meta name=\"generator\" content=\"All in One SEO (AIOSEO) 5.0.1.1\" \/>\n\t\t<meta property=\"og:locale\" content=\"es_ES\" \/>\n\t\t<meta property=\"og:site_name\" content=\"\u24c0\u24de\u24d2\u24d7\u24d8\u24e2\u24d4     \u06de | \u2623 Freestyler - Ich poste, was ich mag und mich interessiert\" \/>\n\t\t<meta property=\"og:type\" content=\"article\" \/>\n\t\t<meta property=\"og:title\" content=\"El campamento romano de Los Llanos en La Olmeda (Soria) | \u24c0\u24de\u24d2\u24d7\u24d8\u24e2\u24d4 \u06de\" \/>\n\t\t<meta property=\"og:description\" content=\"El lugar de La Olmeda, en la provincia de Soria, cuenta como asentamiento humano con m\u00e1s de mil a\u00f1os de existencia. Como n\u00facleo de poblaci\u00f3n, La Olmeda ha disfrutado de una dilatada historia. La colectividad de las Tres Casas de La Olmeda ya se nombra en Los Anales Castellanos, en referencia a la \u00e9poca del\" \/>\n\t\t<meta property=\"og:url\" content=\"https:\/\/kochise.com.es\/wordpress\/el-campamento-romano-de-los-llanos-en-la-olmeda-soria\/\" \/>\n\t\t<meta property=\"article:published_time\" content=\"2023-01-12T20:17:05+00:00\" \/>\n\t\t<meta property=\"article:modified_time\" content=\"2026-04-11T08:16:54+00:00\" \/>\n\t\t<meta name=\"twitter:card\" content=\"summary\" \/>\n\t\t<meta name=\"twitter:title\" content=\"El campamento romano de Los Llanos en La Olmeda (Soria) | \u24c0\u24de\u24d2\u24d7\u24d8\u24e2\u24d4 \u06de\" \/>\n\t\t<meta name=\"twitter:description\" content=\"El lugar de La Olmeda, en la provincia de Soria, cuenta como asentamiento humano con m\u00e1s de mil a\u00f1os de existencia. Como n\u00facleo de poblaci\u00f3n, La Olmeda ha disfrutado de una dilatada historia. La colectividad de las Tres Casas de La Olmeda ya se nombra en Los Anales Castellanos, en referencia a la \u00e9poca del\" \/>\n\t\t<script type=\"application\/ld+json\" class=\"aioseo-schema\">\n\t\t\t{\"@context\":\"https:\\\/\\\/schema.org\",\"@graph\":[{\"@type\":\"Article\",\"@id\":\"https:\\\/\\\/kochise.com.es\\\/wordpress\\\/el-campamento-romano-de-los-llanos-en-la-olmeda-soria\\\/#article\",\"name\":\"El campamento romano de Los Llanos en La Olmeda (Soria) | \\u24c0\\u24de\\u24d2\\u24d7\\u24d8\\u24e2\\u24d4 \\u06de\",\"headline\":\"El campamento romano de Los Llanos en La Olmeda (Soria)\",\"author\":{\"@id\":\"https:\\\/\\\/kochise.com.es\\\/wordpress\\\/author\\\/ricardo-sanz-aguilera\\\/#author\"},\"publisher\":{\"@id\":\"https:\\\/\\\/kochise.com.es\\\/wordpress\\\/#organization\"},\"image\":{\"@type\":\"ImageObject\",\"url\":\"https:\\\/\\\/dl.dropboxusercontent.com\\\/s\\\/jqb3x9wtko3x6i2\\\/Los_Llanos-La_Olmeda-LiDAR.png\",\"@id\":\"https:\\\/\\\/kochise.com.es\\\/wordpress\\\/el-campamento-romano-de-los-llanos-en-la-olmeda-soria\\\/#articleImage\"},\"datePublished\":\"2023-01-12T21:17:05+01:00\",\"dateModified\":\"2026-04-11T09:16:54+01:00\",\"inLanguage\":\"es-ES\",\"commentCount\":1,\"mainEntityOfPage\":{\"@id\":\"https:\\\/\\\/kochise.com.es\\\/wordpress\\\/el-campamento-romano-de-los-llanos-en-la-olmeda-soria\\\/#webpage\"},\"isPartOf\":{\"@id\":\"https:\\\/\\\/kochise.com.es\\\/wordpress\\\/el-campamento-romano-de-los-llanos-en-la-olmeda-soria\\\/#webpage\"},\"articleSection\":\"Etnograf\\u00eda, aerea, agger, arqeologia, campamento, castra, foso, fotografia, La Olmeda, LiDAR, Los Llanos, ortofoto, romano, Soria, Uxama\"},{\"@type\":\"BreadcrumbList\",\"@id\":\"https:\\\/\\\/kochise.com.es\\\/wordpress\\\/el-campamento-romano-de-los-llanos-en-la-olmeda-soria\\\/#breadcrumblist\",\"itemListElement\":[{\"@type\":\"ListItem\",\"@id\":\"https:\\\/\\\/kochise.com.es\\\/wordpress#listItem\",\"position\":1,\"name\":\"Home\",\"item\":\"https:\\\/\\\/kochise.com.es\\\/wordpress\",\"nextItem\":{\"@type\":\"ListItem\",\"@id\":\"https:\\\/\\\/kochise.com.es\\\/wordpress\\\/category\\\/etnografia\\\/#listItem\",\"name\":\"Etnograf\\u00eda\"}},{\"@type\":\"ListItem\",\"@id\":\"https:\\\/\\\/kochise.com.es\\\/wordpress\\\/category\\\/etnografia\\\/#listItem\",\"position\":2,\"name\":\"Etnograf\\u00eda\",\"item\":\"https:\\\/\\\/kochise.com.es\\\/wordpress\\\/category\\\/etnografia\\\/\",\"nextItem\":{\"@type\":\"ListItem\",\"@id\":\"https:\\\/\\\/kochise.com.es\\\/wordpress\\\/el-campamento-romano-de-los-llanos-en-la-olmeda-soria\\\/#listItem\",\"name\":\"El campamento romano de Los Llanos en La Olmeda (Soria)\"},\"previousItem\":{\"@type\":\"ListItem\",\"@id\":\"https:\\\/\\\/kochise.com.es\\\/wordpress#listItem\",\"name\":\"Home\"}},{\"@type\":\"ListItem\",\"@id\":\"https:\\\/\\\/kochise.com.es\\\/wordpress\\\/el-campamento-romano-de-los-llanos-en-la-olmeda-soria\\\/#listItem\",\"position\":3,\"name\":\"El campamento romano de Los Llanos en La Olmeda (Soria)\",\"previousItem\":{\"@type\":\"ListItem\",\"@id\":\"https:\\\/\\\/kochise.com.es\\\/wordpress\\\/category\\\/etnografia\\\/#listItem\",\"name\":\"Etnograf\\u00eda\"}}]},{\"@type\":\"Organization\",\"@id\":\"https:\\\/\\\/kochise.com.es\\\/wordpress\\\/#organization\",\"name\":\"\\u24c0\\u24de\\u24d2\\u24d7\\u24d8\\u24e2\\u24d4     \\u06de\",\"description\":\"\\u2623 Freestyler - Ich poste, was ich mag und mich interessiert\",\"url\":\"https:\\\/\\\/kochise.com.es\\\/wordpress\\\/\"},{\"@type\":\"Person\",\"@id\":\"https:\\\/\\\/kochise.com.es\\\/wordpress\\\/author\\\/ricardo-sanz-aguilera\\\/#author\",\"url\":\"https:\\\/\\\/kochise.com.es\\\/wordpress\\\/author\\\/ricardo-sanz-aguilera\\\/\",\"name\":\"Ricardo Sanz\",\"image\":{\"@type\":\"ImageObject\",\"@id\":\"https:\\\/\\\/kochise.com.es\\\/wordpress\\\/el-campamento-romano-de-los-llanos-en-la-olmeda-soria\\\/#authorImage\",\"url\":\"https:\\\/\\\/secure.gravatar.com\\\/avatar\\\/bf3018dd57eb041d2ca5bd5b54b687073a5f9f7dc451745040e5e9439702a183?s=96&d=mm&r=g\",\"width\":96,\"height\":96,\"caption\":\"Ricardo Sanz\"}},{\"@type\":\"WebPage\",\"@id\":\"https:\\\/\\\/kochise.com.es\\\/wordpress\\\/el-campamento-romano-de-los-llanos-en-la-olmeda-soria\\\/#webpage\",\"url\":\"https:\\\/\\\/kochise.com.es\\\/wordpress\\\/el-campamento-romano-de-los-llanos-en-la-olmeda-soria\\\/\",\"name\":\"El campamento romano de Los Llanos en La Olmeda (Soria) | \\u24c0\\u24de\\u24d2\\u24d7\\u24d8\\u24e2\\u24d4 \\u06de\",\"description\":\"El lugar de La Olmeda, en la provincia de Soria, cuenta como asentamiento humano con m\\u00e1s de mil a\\u00f1os de existencia. Como n\\u00facleo de poblaci\\u00f3n, La Olmeda ha disfrutado de una dilatada historia. La colectividad de las Tres Casas de La Olmeda ya se nombra en Los Anales Castellanos, en referencia a la \\u00e9poca del\",\"inLanguage\":\"es-ES\",\"isPartOf\":{\"@id\":\"https:\\\/\\\/kochise.com.es\\\/wordpress\\\/#website\"},\"breadcrumb\":{\"@id\":\"https:\\\/\\\/kochise.com.es\\\/wordpress\\\/el-campamento-romano-de-los-llanos-en-la-olmeda-soria\\\/#breadcrumblist\"},\"author\":{\"@id\":\"https:\\\/\\\/kochise.com.es\\\/wordpress\\\/author\\\/ricardo-sanz-aguilera\\\/#author\"},\"creator\":{\"@id\":\"https:\\\/\\\/kochise.com.es\\\/wordpress\\\/author\\\/ricardo-sanz-aguilera\\\/#author\"},\"datePublished\":\"2023-01-12T21:17:05+01:00\",\"dateModified\":\"2026-04-11T09:16:54+01:00\"},{\"@type\":\"WebSite\",\"@id\":\"https:\\\/\\\/kochise.com.es\\\/wordpress\\\/#website\",\"url\":\"https:\\\/\\\/kochise.com.es\\\/wordpress\\\/\",\"name\":\"\\u24c0\\u24de\\u24d2\\u24d7\\u24d8\\u24e2\\u24d4 \\u06de\",\"description\":\"\\u2623 Freestyler - Ich poste, was ich mag und mich interessiert\",\"inLanguage\":\"es-ES\",\"publisher\":{\"@id\":\"https:\\\/\\\/kochise.com.es\\\/wordpress\\\/#organization\"}}]}\n\t\t<\/script>\n\t\t<!-- All in One SEO -->\n\n","aioseo_head_json":{"title":"El campamento romano de Los Llanos en La Olmeda (Soria) | \u24c0\u24de\u24d2\u24d7\u24d8\u24e2\u24d4 \u06de","description":"El lugar de La Olmeda, en la provincia de Soria, cuenta como asentamiento humano con m\u00e1s de mil a\u00f1os de existencia. Como n\u00facleo de poblaci\u00f3n, La Olmeda ha disfrutado de una dilatada historia. La colectividad de las Tres Casas de La Olmeda ya se nombra en Los Anales Castellanos, en referencia a la \u00e9poca del","canonical_url":"https:\/\/kochise.com.es\/wordpress\/el-campamento-romano-de-los-llanos-en-la-olmeda-soria\/","robots":"max-image-preview:large","keywords":"aerea,agger,arqeologia,campamento,castra,foso,fotografia,la olmeda,lidar,los llanos,ortofoto,romano,soria,uxama,etnograf\u00eda","webmasterTools":{"miscellaneous":""},"schema":{"@context":"https:\/\/schema.org","@graph":[{"@type":"Article","@id":"https:\/\/kochise.com.es\/wordpress\/el-campamento-romano-de-los-llanos-en-la-olmeda-soria\/#article","name":"El campamento romano de Los Llanos en La Olmeda (Soria) | \u24c0\u24de\u24d2\u24d7\u24d8\u24e2\u24d4 \u06de","headline":"El campamento romano de Los Llanos en La Olmeda (Soria)","author":{"@id":"https:\/\/kochise.com.es\/wordpress\/author\/ricardo-sanz-aguilera\/#author"},"publisher":{"@id":"https:\/\/kochise.com.es\/wordpress\/#organization"},"image":{"@type":"ImageObject","url":"https:\/\/dl.dropboxusercontent.com\/s\/jqb3x9wtko3x6i2\/Los_Llanos-La_Olmeda-LiDAR.png","@id":"https:\/\/kochise.com.es\/wordpress\/el-campamento-romano-de-los-llanos-en-la-olmeda-soria\/#articleImage"},"datePublished":"2023-01-12T21:17:05+01:00","dateModified":"2026-04-11T09:16:54+01:00","inLanguage":"es-ES","commentCount":1,"mainEntityOfPage":{"@id":"https:\/\/kochise.com.es\/wordpress\/el-campamento-romano-de-los-llanos-en-la-olmeda-soria\/#webpage"},"isPartOf":{"@id":"https:\/\/kochise.com.es\/wordpress\/el-campamento-romano-de-los-llanos-en-la-olmeda-soria\/#webpage"},"articleSection":"Etnograf\u00eda, aerea, agger, arqeologia, campamento, castra, foso, fotografia, La Olmeda, LiDAR, Los Llanos, ortofoto, romano, Soria, Uxama"},{"@type":"BreadcrumbList","@id":"https:\/\/kochise.com.es\/wordpress\/el-campamento-romano-de-los-llanos-en-la-olmeda-soria\/#breadcrumblist","itemListElement":[{"@type":"ListItem","@id":"https:\/\/kochise.com.es\/wordpress#listItem","position":1,"name":"Home","item":"https:\/\/kochise.com.es\/wordpress","nextItem":{"@type":"ListItem","@id":"https:\/\/kochise.com.es\/wordpress\/category\/etnografia\/#listItem","name":"Etnograf\u00eda"}},{"@type":"ListItem","@id":"https:\/\/kochise.com.es\/wordpress\/category\/etnografia\/#listItem","position":2,"name":"Etnograf\u00eda","item":"https:\/\/kochise.com.es\/wordpress\/category\/etnografia\/","nextItem":{"@type":"ListItem","@id":"https:\/\/kochise.com.es\/wordpress\/el-campamento-romano-de-los-llanos-en-la-olmeda-soria\/#listItem","name":"El campamento romano de Los Llanos en La Olmeda (Soria)"},"previousItem":{"@type":"ListItem","@id":"https:\/\/kochise.com.es\/wordpress#listItem","name":"Home"}},{"@type":"ListItem","@id":"https:\/\/kochise.com.es\/wordpress\/el-campamento-romano-de-los-llanos-en-la-olmeda-soria\/#listItem","position":3,"name":"El campamento romano de Los Llanos en La Olmeda (Soria)","previousItem":{"@type":"ListItem","@id":"https:\/\/kochise.com.es\/wordpress\/category\/etnografia\/#listItem","name":"Etnograf\u00eda"}}]},{"@type":"Organization","@id":"https:\/\/kochise.com.es\/wordpress\/#organization","name":"\u24c0\u24de\u24d2\u24d7\u24d8\u24e2\u24d4     \u06de","description":"\u2623 Freestyler - Ich poste, was ich mag und mich interessiert","url":"https:\/\/kochise.com.es\/wordpress\/"},{"@type":"Person","@id":"https:\/\/kochise.com.es\/wordpress\/author\/ricardo-sanz-aguilera\/#author","url":"https:\/\/kochise.com.es\/wordpress\/author\/ricardo-sanz-aguilera\/","name":"Ricardo Sanz","image":{"@type":"ImageObject","@id":"https:\/\/kochise.com.es\/wordpress\/el-campamento-romano-de-los-llanos-en-la-olmeda-soria\/#authorImage","url":"https:\/\/secure.gravatar.com\/avatar\/bf3018dd57eb041d2ca5bd5b54b687073a5f9f7dc451745040e5e9439702a183?s=96&d=mm&r=g","width":96,"height":96,"caption":"Ricardo Sanz"}},{"@type":"WebPage","@id":"https:\/\/kochise.com.es\/wordpress\/el-campamento-romano-de-los-llanos-en-la-olmeda-soria\/#webpage","url":"https:\/\/kochise.com.es\/wordpress\/el-campamento-romano-de-los-llanos-en-la-olmeda-soria\/","name":"El campamento romano de Los Llanos en La Olmeda (Soria) | \u24c0\u24de\u24d2\u24d7\u24d8\u24e2\u24d4 \u06de","description":"El lugar de La Olmeda, en la provincia de Soria, cuenta como asentamiento humano con m\u00e1s de mil a\u00f1os de existencia. Como n\u00facleo de poblaci\u00f3n, La Olmeda ha disfrutado de una dilatada historia. La colectividad de las Tres Casas de La Olmeda ya se nombra en Los Anales Castellanos, en referencia a la \u00e9poca del","inLanguage":"es-ES","isPartOf":{"@id":"https:\/\/kochise.com.es\/wordpress\/#website"},"breadcrumb":{"@id":"https:\/\/kochise.com.es\/wordpress\/el-campamento-romano-de-los-llanos-en-la-olmeda-soria\/#breadcrumblist"},"author":{"@id":"https:\/\/kochise.com.es\/wordpress\/author\/ricardo-sanz-aguilera\/#author"},"creator":{"@id":"https:\/\/kochise.com.es\/wordpress\/author\/ricardo-sanz-aguilera\/#author"},"datePublished":"2023-01-12T21:17:05+01:00","dateModified":"2026-04-11T09:16:54+01:00"},{"@type":"WebSite","@id":"https:\/\/kochise.com.es\/wordpress\/#website","url":"https:\/\/kochise.com.es\/wordpress\/","name":"\u24c0\u24de\u24d2\u24d7\u24d8\u24e2\u24d4 \u06de","description":"\u2623 Freestyler - Ich poste, was ich mag und mich interessiert","inLanguage":"es-ES","publisher":{"@id":"https:\/\/kochise.com.es\/wordpress\/#organization"}}]},"og:locale":"es_ES","og:site_name":"\u24c0\u24de\u24d2\u24d7\u24d8\u24e2\u24d4     \u06de | \u2623 Freestyler - Ich poste, was ich mag und mich interessiert","og:type":"article","og:title":"El campamento romano de Los Llanos en La Olmeda (Soria) | \u24c0\u24de\u24d2\u24d7\u24d8\u24e2\u24d4 \u06de","og:description":"El lugar de La Olmeda, en la provincia de Soria, cuenta como asentamiento humano con m\u00e1s de mil a\u00f1os de existencia. Como n\u00facleo de poblaci\u00f3n, La Olmeda ha disfrutado de una dilatada historia. La colectividad de las Tres Casas de La Olmeda ya se nombra en Los Anales Castellanos, en referencia a la \u00e9poca del","og:url":"https:\/\/kochise.com.es\/wordpress\/el-campamento-romano-de-los-llanos-en-la-olmeda-soria\/","article:published_time":"2023-01-12T20:17:05+00:00","article:modified_time":"2026-04-11T08:16:54+00:00","twitter:card":"summary","twitter:title":"El campamento romano de Los Llanos en La Olmeda (Soria) | \u24c0\u24de\u24d2\u24d7\u24d8\u24e2\u24d4 \u06de","twitter:description":"El lugar de La Olmeda, en la provincia de Soria, cuenta como asentamiento humano con m\u00e1s de mil a\u00f1os de existencia. Como n\u00facleo de poblaci\u00f3n, La Olmeda ha disfrutado de una dilatada historia. La colectividad de las Tres Casas de La Olmeda ya se nombra en Los Anales Castellanos, en referencia a la \u00e9poca del"},"aioseo_meta_data":{"post_id":"13615","title":null,"description":null,"keywords":null,"keyphrases":{"focus":{"keyphrase":"","score":0,"analysis":{"keyphraseInTitle":{"score":0,"maxScore":9,"error":1}}},"additional":[]},"primary_term":null,"canonical_url":null,"og_title":null,"og_description":null,"og_object_type":"default","og_image_type":"default","og_image_url":null,"og_image_width":null,"og_image_height":null,"og_image_custom_url":null,"og_image_custom_fields":null,"og_video":"","og_custom_url":null,"og_article_section":null,"og_article_tags":null,"twitter_use_og":false,"twitter_card":"default","twitter_image_type":"default","twitter_image_url":null,"twitter_image_custom_url":null,"twitter_image_custom_fields":null,"twitter_title":null,"twitter_description":null,"schema":{"blockGraphs":[],"customGraphs":[],"default":{"data":{"Article":[],"Course":[],"Dataset":[],"FAQPage":[],"Movie":[],"Person":[],"Product":[],"ProductReview":[],"Car":[],"Recipe":[],"Service":[],"SoftwareApplication":[],"WebPage":[]},"graphName":"Article","isEnabled":true},"graphs":[]},"schema_type":"default","schema_type_options":null,"pillar_content":false,"robots_default":true,"robots_noindex":false,"robots_noarchive":false,"robots_nosnippet":false,"robots_nofollow":false,"robots_noimageindex":false,"robots_noodp":false,"robots_notranslate":false,"robots_max_snippet":"-1","robots_max_videopreview":"-1","robots_max_imagepreview":"large","priority":null,"frequency":"default","local_seo":null,"breadcrumb_settings":null,"limit_modified_date":false,"ai":{"faqs":[],"keyPoints":[],"titles":[],"descriptions":[],"socialPosts":{"email":[],"linkedin":[],"twitter":[],"facebook":[],"instagram":[]}},"created":"2022-12-29 21:10:40","updated":"2026-04-11 08:16:55","seo_analyzer_scan_date":null,"focus_keyword":null,"additional_keywords":null,"truseo_locale":null},"aioseo_breadcrumb":"<div class=\"aioseo-breadcrumbs\"><span class=\"aioseo-breadcrumb\">\n\t\t\t<a href=\"https:\/\/kochise.com.es\/wordpress\" title=\"Home\">Home<\/a>\n\t\t<\/span><span class=\"aioseo-breadcrumb-separator\">\u00bb<\/span><span class=\"aioseo-breadcrumb\">\n\t\t\t<a href=\"https:\/\/kochise.com.es\/wordpress\/category\/etnografia\/\" title=\"Etnograf\u00eda\">Etnograf\u00eda<\/a>\n\t\t<\/span><span class=\"aioseo-breadcrumb-separator\">\u00bb<\/span><span class=\"aioseo-breadcrumb\">\n\t\t\tEl campamento romano de Los Llanos en La Olmeda (Soria)\n\t\t<\/span><\/div>","aioseo_breadcrumb_json":[{"label":"Home","link":"https:\/\/kochise.com.es\/wordpress"},{"label":"Etnograf\u00eda","link":"https:\/\/kochise.com.es\/wordpress\/category\/etnografia\/"},{"label":"El campamento romano de Los Llanos en La Olmeda (Soria)","link":"https:\/\/kochise.com.es\/wordpress\/el-campamento-romano-de-los-llanos-en-la-olmeda-soria\/"}],"_links":{"self":[{"href":"https:\/\/kochise.com.es\/wordpress\/wp-json\/wp\/v2\/posts\/13615","targetHints":{"allow":["GET"]}}],"collection":[{"href":"https:\/\/kochise.com.es\/wordpress\/wp-json\/wp\/v2\/posts"}],"about":[{"href":"https:\/\/kochise.com.es\/wordpress\/wp-json\/wp\/v2\/types\/post"}],"author":[{"embeddable":true,"href":"https:\/\/kochise.com.es\/wordpress\/wp-json\/wp\/v2\/users\/2"}],"replies":[{"embeddable":true,"href":"https:\/\/kochise.com.es\/wordpress\/wp-json\/wp\/v2\/comments?post=13615"}],"version-history":[{"count":250,"href":"https:\/\/kochise.com.es\/wordpress\/wp-json\/wp\/v2\/posts\/13615\/revisions"}],"predecessor-version":[{"id":41140,"href":"https:\/\/kochise.com.es\/wordpress\/wp-json\/wp\/v2\/posts\/13615\/revisions\/41140"}],"wp:attachment":[{"href":"https:\/\/kochise.com.es\/wordpress\/wp-json\/wp\/v2\/media?parent=13615"}],"wp:term":[{"taxonomy":"category","embeddable":true,"href":"https:\/\/kochise.com.es\/wordpress\/wp-json\/wp\/v2\/categories?post=13615"},{"taxonomy":"post_tag","embeddable":true,"href":"https:\/\/kochise.com.es\/wordpress\/wp-json\/wp\/v2\/tags?post=13615"}],"curies":[{"name":"wp","href":"https:\/\/api.w.org\/{rel}","templated":true}]}}