{"id":8591,"date":"2018-09-20T11:42:18","date_gmt":"2018-09-20T10:42:18","guid":{"rendered":"http:\/\/kochise.com.es\/wordpress\/?p=8591"},"modified":"2023-01-28T12:04:12","modified_gmt":"2023-01-28T11:04:12","slug":"fernan-gonzalez-tiene-los-ojos-tristes-la-olmeda-la-gernika-soriana","status":"publish","type":"post","link":"https:\/\/kochise.com.es\/wordpress\/fernan-gonzalez-tiene-los-ojos-tristes-la-olmeda-la-gernika-soriana\/","title":{"rendered":"Fern\u00e1n Gonz\u00e1lez tiene los ojos tristes&#8230; (La Olmeda, la Gernika soriana)"},"content":{"rendered":"<div class=\"su-heading su-heading-style-default su-heading-align-center\" id=\"\" style=\"font-size:20px;margin-bottom:30px\"><div class=\"su-heading-inner\">Fern\u00e1n Gonz\u00e1lez tiene los ojos tristes\u2026 (La Olmeda, la Guernika Soriana).<br \/>\nAntonio RUIZ VEGA (1990). Soria Semanal, 30 de octubre, pp. 6-7.<\/div><\/div>\n<blockquote><p>Ojeando esa obra extra\u00f1a e irregular que es el <a href=\"https:\/\/bibliotecadigital.jcyl.es\/en\/catalogo_imagenes\/grupo.cmd?path=10066146\" target=\"_blank\" rel=\"noopener\">Nomencl\u00e1tor de Manuel Blasco<\/a> nos enteramos a veces de noticias curiosas, interesantes las m\u00e1s de las veces. As\u00ed leemos que, en el poblado de La Olmeda, hoy pedan\u00eda del Burgo de Osma, por los a\u00f1os en los que Blasco escribe (hacia 1880) todav\u00eda se conservaba una casona donde se reun\u00edan desde tiempo inmemorial (\u201cdesde la \u00e9poca de Fern\u00e1n Gonz\u00e1lez\u201d dice Blasco) los concejos de San Esteban, Osma y Gormaz. Noticia que ya por si sola merec\u00eda una visita pues La Olmeda es un n\u00facleo de poblaci\u00f3n min\u00fasculo y aparentemente no exist\u00eda justificaci\u00f3n alguna para que este lugarejo alcanzara tanta preeminencia.<\/p><\/blockquote>\n<p style=\"text-align: justify;\">As\u00ed comenza el articulista y escritor soriano <a href=\"http:\/\/soria-goig.com\/Biblioteca\/autores\/au_26.htm\" target=\"_blank\" rel=\"noopener\"><strong>Antonio Ruiz Vega<\/strong><\/a> su relato &#8216;<strong><em>Fern\u00e1n Gonz\u00e1lez tiene los ojos tristes\u2026 (La Olmeda, la Guernika Soriana)<\/em><\/strong>&#8216;, publicado el 30 de octubre de 1990 en la revista, ya extinta, Soria Semanal.<\/p>\n<p style=\"text-align: justify;\">La respuesta o explicaci\u00f3n a la paradoja expuesta por el autor se encuentra en su magn\u00edfico art\u00edculo etnogr\u00e1fico sobre la localidad soriana de <strong>La Olmeda<\/strong> que a continuaci\u00f3n se transcribe. Este articulo s\u00f3lo est\u00e1 disponible, y se puede consultar, en la Hemeroteca Hist\u00f3rica de la Biblioteca Municipal de Soria, a cuyo personal agradezco su disponiibilidad y ayuda.<\/p>\n<p style=\"text-align: justify;\">Este art\u00edculo me dar\u00e1 pi\u00e9 en posteriores antradas a ampliar, clarificar y, en alg\u00fan caso, desvirtuar alguna parte del contenido de su relato.<br \/>\n<!--more--><\/p>\n<div class=\"su-document su-u-responsive-media-no\"><iframe loading=\"lazy\" src=\"\/\/docs.google.com\/viewer?embedded=true&url=https:\/\/kochise.com.es\/wordpress\/wp-content\/uploads\/2018\/LaOlmeda\/SoriaSemanal_LaOlmeda.pdf\" width=\"800\" height=\"950\" class=\"su-document\" title=\"\"><\/iframe><\/div>\n","protected":false},"excerpt":{"rendered":"<p>Reproducci\u00f3n del art\u00edculo de Antonio Ruiz Vega,&#8221;Fern\u00e1n Gonz\u00e1lez tiene los ojos tristes\u2026 (La Olmeda, la Guernika Soriana)&#8221;. Soria Semanal, 30 de octubre de 1990, p\u00e1gs.. 6-7. <a href=\"https:\/\/kochise.com.es\/wordpress\/fernan-gonzalez-tiene-los-ojos-tristes-la-olmeda-la-gernika-soriana\/\">Continue reading <span class=\"meta-nav\">&rarr;<\/span><\/a><\/p>\n","protected":false},"author":2,"featured_media":0,"comment_status":"open","ping_status":"open","sticky":false,"template":"","format":"standard","meta":{"_exactmetrics_skip_tracking":false,"footnotes":""},"categories":[737],"tags":[765,762,763,760,761,764],"class_list":["post-8591","post","type-post","status-publish","format-standard","hentry","category-etnografia","tag-antonio-ruiz-vega","tag-fernan-gonzalez","tag-gernika","tag-la-olmeda","tag-soria","tag-soria-semanal"],"aioseo_notices":[],"aioseo_head":"\n\t\t<!-- All in One SEO 5.0.1.1 - aioseo.com -->\n\t<meta name=\"description\" content=\"Fern\u00e1n Gonz\u00e1lez tiene los ojos tristes\u2026 (La Olmeda, la Guernika Soriana). Antonio RUIZ VEGA (1990). Soria Semanal, 30 de octubre, p\u00e1gs.. 6-7. Etnograf\u00eda del municipio de La Olmeda (Soria).\" \/>\n\t<meta name=\"robots\" content=\"max-image-preview:large\" \/>\n\t<meta name=\"author\" content=\"Ricardo Sanz\"\/>\n\t<meta name=\"keywords\" content=\"la olmeda,soria,fernan gonzalez,gernika,soria semanal,antonio ruiz vega,etnograf\u00eda\" \/>\n\t<link rel=\"canonical\" href=\"https:\/\/kochise.com.es\/wordpress\/fernan-gonzalez-tiene-los-ojos-tristes-la-olmeda-la-gernika-soriana\/\" \/>\n\t<meta name=\"generator\" content=\"All in One SEO (AIOSEO) 5.0.1.1\" \/>\n\t\t<meta property=\"og:locale\" content=\"es_ES\" \/>\n\t\t<meta property=\"og:site_name\" content=\"\u24c0\u24de\u24d2\u24d7\u24d8\u24e2\u24d4     \u06de | \u2623 Freestyler - Ich poste, was ich mag und mich interessiert\" \/>\n\t\t<meta property=\"og:type\" content=\"article\" \/>\n\t\t<meta property=\"og:title\" content=\"Fern\u00e1n Gonz\u00e1lez tiene los ojos tristes... (La Olmeda, la Gernika soriana) | \u24c0\u24de\u24d2\u24d7\u24d8\u24e2\u24d4 \u06de\" \/>\n\t\t<meta property=\"og:description\" content=\"Fern\u00e1n Gonz\u00e1lez tiene los ojos tristes\u2026 (La Olmeda, la Guernika Soriana). Antonio RUIZ VEGA (1990). Soria Semanal, 30 de octubre, p\u00e1gs.. 6-7. Etnograf\u00eda del municipio de La Olmeda (Soria).\" \/>\n\t\t<meta property=\"og:url\" content=\"https:\/\/kochise.com.es\/wordpress\/fernan-gonzalez-tiene-los-ojos-tristes-la-olmeda-la-gernika-soriana\/\" \/>\n\t\t<meta property=\"article:published_time\" content=\"2018-09-20T10:42:18+00:00\" \/>\n\t\t<meta property=\"article:modified_time\" content=\"2023-01-28T11:04:12+00:00\" \/>\n\t\t<meta name=\"twitter:card\" content=\"summary\" \/>\n\t\t<meta name=\"twitter:title\" content=\"Fern\u00e1n Gonz\u00e1lez tiene los ojos tristes... (La Olmeda, la Gernika soriana) | \u24c0\u24de\u24d2\u24d7\u24d8\u24e2\u24d4 \u06de\" \/>\n\t\t<meta name=\"twitter:description\" content=\"Fern\u00e1n Gonz\u00e1lez tiene los ojos tristes\u2026 (La Olmeda, la Guernika Soriana). Antonio RUIZ VEGA (1990). Soria Semanal, 30 de octubre, p\u00e1gs.. 6-7. Etnograf\u00eda del municipio de La Olmeda (Soria).\" \/>\n\t\t<script type=\"application\/ld+json\" class=\"aioseo-schema\">\n\t\t\t{\"@context\":\"https:\\\/\\\/schema.org\",\"@graph\":[{\"@type\":\"Article\",\"@id\":\"https:\\\/\\\/kochise.com.es\\\/wordpress\\\/fernan-gonzalez-tiene-los-ojos-tristes-la-olmeda-la-gernika-soriana\\\/#article\",\"name\":\"Fern\\u00e1n Gonz\\u00e1lez tiene los ojos tristes... (La Olmeda, la Gernika soriana) | \\u24c0\\u24de\\u24d2\\u24d7\\u24d8\\u24e2\\u24d4 \\u06de\",\"headline\":\"Fern\\u00e1n Gonz\\u00e1lez tiene los ojos tristes&#8230; (La Olmeda, la Gernika soriana)\",\"author\":{\"@id\":\"https:\\\/\\\/kochise.com.es\\\/wordpress\\\/author\\\/ricardo-sanz-aguilera\\\/#author\"},\"publisher\":{\"@id\":\"https:\\\/\\\/kochise.com.es\\\/wordpress\\\/#organization\"},\"datePublished\":\"2018-09-20T11:42:18+01:00\",\"dateModified\":\"2023-01-28T12:04:12+01:00\",\"inLanguage\":\"es-ES\",\"mainEntityOfPage\":{\"@id\":\"https:\\\/\\\/kochise.com.es\\\/wordpress\\\/fernan-gonzalez-tiene-los-ojos-tristes-la-olmeda-la-gernika-soriana\\\/#webpage\"},\"isPartOf\":{\"@id\":\"https:\\\/\\\/kochise.com.es\\\/wordpress\\\/fernan-gonzalez-tiene-los-ojos-tristes-la-olmeda-la-gernika-soriana\\\/#webpage\"},\"articleSection\":\"Etnograf\\u00eda, Antonio Ruiz Vega, Fernan Gonzalez, Gernika, La Olmeda, Soria, Soria Semanal\"},{\"@type\":\"BreadcrumbList\",\"@id\":\"https:\\\/\\\/kochise.com.es\\\/wordpress\\\/fernan-gonzalez-tiene-los-ojos-tristes-la-olmeda-la-gernika-soriana\\\/#breadcrumblist\",\"itemListElement\":[{\"@type\":\"ListItem\",\"@id\":\"https:\\\/\\\/kochise.com.es\\\/wordpress#listItem\",\"position\":1,\"name\":\"Home\",\"item\":\"https:\\\/\\\/kochise.com.es\\\/wordpress\",\"nextItem\":{\"@type\":\"ListItem\",\"@id\":\"https:\\\/\\\/kochise.com.es\\\/wordpress\\\/category\\\/etnografia\\\/#listItem\",\"name\":\"Etnograf\\u00eda\"}},{\"@type\":\"ListItem\",\"@id\":\"https:\\\/\\\/kochise.com.es\\\/wordpress\\\/category\\\/etnografia\\\/#listItem\",\"position\":2,\"name\":\"Etnograf\\u00eda\",\"item\":\"https:\\\/\\\/kochise.com.es\\\/wordpress\\\/category\\\/etnografia\\\/\",\"nextItem\":{\"@type\":\"ListItem\",\"@id\":\"https:\\\/\\\/kochise.com.es\\\/wordpress\\\/fernan-gonzalez-tiene-los-ojos-tristes-la-olmeda-la-gernika-soriana\\\/#listItem\",\"name\":\"Fern\\u00e1n Gonz\\u00e1lez tiene los ojos tristes&#8230; (La Olmeda, la Gernika soriana)\"},\"previousItem\":{\"@type\":\"ListItem\",\"@id\":\"https:\\\/\\\/kochise.com.es\\\/wordpress#listItem\",\"name\":\"Home\"}},{\"@type\":\"ListItem\",\"@id\":\"https:\\\/\\\/kochise.com.es\\\/wordpress\\\/fernan-gonzalez-tiene-los-ojos-tristes-la-olmeda-la-gernika-soriana\\\/#listItem\",\"position\":3,\"name\":\"Fern\\u00e1n Gonz\\u00e1lez tiene los ojos tristes&#8230; (La Olmeda, la Gernika soriana)\",\"previousItem\":{\"@type\":\"ListItem\",\"@id\":\"https:\\\/\\\/kochise.com.es\\\/wordpress\\\/category\\\/etnografia\\\/#listItem\",\"name\":\"Etnograf\\u00eda\"}}]},{\"@type\":\"Organization\",\"@id\":\"https:\\\/\\\/kochise.com.es\\\/wordpress\\\/#organization\",\"name\":\"\\u24c0\\u24de\\u24d2\\u24d7\\u24d8\\u24e2\\u24d4     \\u06de\",\"description\":\"\\u2623 Freestyler - Ich poste, was ich mag und mich interessiert\",\"url\":\"https:\\\/\\\/kochise.com.es\\\/wordpress\\\/\"},{\"@type\":\"Person\",\"@id\":\"https:\\\/\\\/kochise.com.es\\\/wordpress\\\/author\\\/ricardo-sanz-aguilera\\\/#author\",\"url\":\"https:\\\/\\\/kochise.com.es\\\/wordpress\\\/author\\\/ricardo-sanz-aguilera\\\/\",\"name\":\"Ricardo Sanz\",\"image\":{\"@type\":\"ImageObject\",\"@id\":\"https:\\\/\\\/kochise.com.es\\\/wordpress\\\/fernan-gonzalez-tiene-los-ojos-tristes-la-olmeda-la-gernika-soriana\\\/#authorImage\",\"url\":\"https:\\\/\\\/secure.gravatar.com\\\/avatar\\\/bf3018dd57eb041d2ca5bd5b54b687073a5f9f7dc451745040e5e9439702a183?s=96&d=mm&r=g\",\"width\":96,\"height\":96,\"caption\":\"Ricardo Sanz\"}},{\"@type\":\"WebPage\",\"@id\":\"https:\\\/\\\/kochise.com.es\\\/wordpress\\\/fernan-gonzalez-tiene-los-ojos-tristes-la-olmeda-la-gernika-soriana\\\/#webpage\",\"url\":\"https:\\\/\\\/kochise.com.es\\\/wordpress\\\/fernan-gonzalez-tiene-los-ojos-tristes-la-olmeda-la-gernika-soriana\\\/\",\"name\":\"Fern\\u00e1n Gonz\\u00e1lez tiene los ojos tristes... (La Olmeda, la Gernika soriana) | \\u24c0\\u24de\\u24d2\\u24d7\\u24d8\\u24e2\\u24d4 \\u06de\",\"description\":\"Fern\\u00e1n Gonz\\u00e1lez tiene los ojos tristes\\u2026 (La Olmeda, la Guernika Soriana). Antonio RUIZ VEGA (1990). Soria Semanal, 30 de octubre, p\\u00e1gs.. 6-7. Etnograf\\u00eda del municipio de La Olmeda (Soria).\",\"inLanguage\":\"es-ES\",\"isPartOf\":{\"@id\":\"https:\\\/\\\/kochise.com.es\\\/wordpress\\\/#website\"},\"breadcrumb\":{\"@id\":\"https:\\\/\\\/kochise.com.es\\\/wordpress\\\/fernan-gonzalez-tiene-los-ojos-tristes-la-olmeda-la-gernika-soriana\\\/#breadcrumblist\"},\"author\":{\"@id\":\"https:\\\/\\\/kochise.com.es\\\/wordpress\\\/author\\\/ricardo-sanz-aguilera\\\/#author\"},\"creator\":{\"@id\":\"https:\\\/\\\/kochise.com.es\\\/wordpress\\\/author\\\/ricardo-sanz-aguilera\\\/#author\"},\"datePublished\":\"2018-09-20T11:42:18+01:00\",\"dateModified\":\"2023-01-28T12:04:12+01:00\"},{\"@type\":\"WebSite\",\"@id\":\"https:\\\/\\\/kochise.com.es\\\/wordpress\\\/#website\",\"url\":\"https:\\\/\\\/kochise.com.es\\\/wordpress\\\/\",\"name\":\"\\u24c0\\u24de\\u24d2\\u24d7\\u24d8\\u24e2\\u24d4 \\u06de\",\"description\":\"\\u2623 Freestyler - Ich poste, was ich mag und mich interessiert\",\"inLanguage\":\"es-ES\",\"publisher\":{\"@id\":\"https:\\\/\\\/kochise.com.es\\\/wordpress\\\/#organization\"}}]}\n\t\t<\/script>\n\t\t<!-- All in One SEO -->\n\n","aioseo_head_json":{"title":"Fern\u00e1n Gonz\u00e1lez tiene los ojos tristes... (La Olmeda, la Gernika soriana) | \u24c0\u24de\u24d2\u24d7\u24d8\u24e2\u24d4 \u06de","description":"Fern\u00e1n Gonz\u00e1lez tiene los ojos tristes\u2026 (La Olmeda, la Guernika Soriana). Antonio RUIZ VEGA (1990). Soria Semanal, 30 de octubre, p\u00e1gs.. 6-7. Etnograf\u00eda del municipio de La Olmeda (Soria).","canonical_url":"https:\/\/kochise.com.es\/wordpress\/fernan-gonzalez-tiene-los-ojos-tristes-la-olmeda-la-gernika-soriana\/","robots":"max-image-preview:large","keywords":"la olmeda,soria,fernan gonzalez,gernika,soria semanal,antonio ruiz vega,etnograf\u00eda","webmasterTools":{"miscellaneous":""},"schema":{"@context":"https:\/\/schema.org","@graph":[{"@type":"Article","@id":"https:\/\/kochise.com.es\/wordpress\/fernan-gonzalez-tiene-los-ojos-tristes-la-olmeda-la-gernika-soriana\/#article","name":"Fern\u00e1n Gonz\u00e1lez tiene los ojos tristes... (La Olmeda, la Gernika soriana) | \u24c0\u24de\u24d2\u24d7\u24d8\u24e2\u24d4 \u06de","headline":"Fern\u00e1n Gonz\u00e1lez tiene los ojos tristes&#8230; (La Olmeda, la Gernika soriana)","author":{"@id":"https:\/\/kochise.com.es\/wordpress\/author\/ricardo-sanz-aguilera\/#author"},"publisher":{"@id":"https:\/\/kochise.com.es\/wordpress\/#organization"},"datePublished":"2018-09-20T11:42:18+01:00","dateModified":"2023-01-28T12:04:12+01:00","inLanguage":"es-ES","mainEntityOfPage":{"@id":"https:\/\/kochise.com.es\/wordpress\/fernan-gonzalez-tiene-los-ojos-tristes-la-olmeda-la-gernika-soriana\/#webpage"},"isPartOf":{"@id":"https:\/\/kochise.com.es\/wordpress\/fernan-gonzalez-tiene-los-ojos-tristes-la-olmeda-la-gernika-soriana\/#webpage"},"articleSection":"Etnograf\u00eda, Antonio Ruiz Vega, Fernan Gonzalez, Gernika, La Olmeda, Soria, Soria Semanal"},{"@type":"BreadcrumbList","@id":"https:\/\/kochise.com.es\/wordpress\/fernan-gonzalez-tiene-los-ojos-tristes-la-olmeda-la-gernika-soriana\/#breadcrumblist","itemListElement":[{"@type":"ListItem","@id":"https:\/\/kochise.com.es\/wordpress#listItem","position":1,"name":"Home","item":"https:\/\/kochise.com.es\/wordpress","nextItem":{"@type":"ListItem","@id":"https:\/\/kochise.com.es\/wordpress\/category\/etnografia\/#listItem","name":"Etnograf\u00eda"}},{"@type":"ListItem","@id":"https:\/\/kochise.com.es\/wordpress\/category\/etnografia\/#listItem","position":2,"name":"Etnograf\u00eda","item":"https:\/\/kochise.com.es\/wordpress\/category\/etnografia\/","nextItem":{"@type":"ListItem","@id":"https:\/\/kochise.com.es\/wordpress\/fernan-gonzalez-tiene-los-ojos-tristes-la-olmeda-la-gernika-soriana\/#listItem","name":"Fern\u00e1n Gonz\u00e1lez tiene los ojos tristes&#8230; (La Olmeda, la Gernika soriana)"},"previousItem":{"@type":"ListItem","@id":"https:\/\/kochise.com.es\/wordpress#listItem","name":"Home"}},{"@type":"ListItem","@id":"https:\/\/kochise.com.es\/wordpress\/fernan-gonzalez-tiene-los-ojos-tristes-la-olmeda-la-gernika-soriana\/#listItem","position":3,"name":"Fern\u00e1n Gonz\u00e1lez tiene los ojos tristes&#8230; (La Olmeda, la Gernika soriana)","previousItem":{"@type":"ListItem","@id":"https:\/\/kochise.com.es\/wordpress\/category\/etnografia\/#listItem","name":"Etnograf\u00eda"}}]},{"@type":"Organization","@id":"https:\/\/kochise.com.es\/wordpress\/#organization","name":"\u24c0\u24de\u24d2\u24d7\u24d8\u24e2\u24d4     \u06de","description":"\u2623 Freestyler - Ich poste, was ich mag und mich interessiert","url":"https:\/\/kochise.com.es\/wordpress\/"},{"@type":"Person","@id":"https:\/\/kochise.com.es\/wordpress\/author\/ricardo-sanz-aguilera\/#author","url":"https:\/\/kochise.com.es\/wordpress\/author\/ricardo-sanz-aguilera\/","name":"Ricardo Sanz","image":{"@type":"ImageObject","@id":"https:\/\/kochise.com.es\/wordpress\/fernan-gonzalez-tiene-los-ojos-tristes-la-olmeda-la-gernika-soriana\/#authorImage","url":"https:\/\/secure.gravatar.com\/avatar\/bf3018dd57eb041d2ca5bd5b54b687073a5f9f7dc451745040e5e9439702a183?s=96&d=mm&r=g","width":96,"height":96,"caption":"Ricardo Sanz"}},{"@type":"WebPage","@id":"https:\/\/kochise.com.es\/wordpress\/fernan-gonzalez-tiene-los-ojos-tristes-la-olmeda-la-gernika-soriana\/#webpage","url":"https:\/\/kochise.com.es\/wordpress\/fernan-gonzalez-tiene-los-ojos-tristes-la-olmeda-la-gernika-soriana\/","name":"Fern\u00e1n Gonz\u00e1lez tiene los ojos tristes... (La Olmeda, la Gernika soriana) | \u24c0\u24de\u24d2\u24d7\u24d8\u24e2\u24d4 \u06de","description":"Fern\u00e1n Gonz\u00e1lez tiene los ojos tristes\u2026 (La Olmeda, la Guernika Soriana). Antonio RUIZ VEGA (1990). Soria Semanal, 30 de octubre, p\u00e1gs.. 6-7. Etnograf\u00eda del municipio de La Olmeda (Soria).","inLanguage":"es-ES","isPartOf":{"@id":"https:\/\/kochise.com.es\/wordpress\/#website"},"breadcrumb":{"@id":"https:\/\/kochise.com.es\/wordpress\/fernan-gonzalez-tiene-los-ojos-tristes-la-olmeda-la-gernika-soriana\/#breadcrumblist"},"author":{"@id":"https:\/\/kochise.com.es\/wordpress\/author\/ricardo-sanz-aguilera\/#author"},"creator":{"@id":"https:\/\/kochise.com.es\/wordpress\/author\/ricardo-sanz-aguilera\/#author"},"datePublished":"2018-09-20T11:42:18+01:00","dateModified":"2023-01-28T12:04:12+01:00"},{"@type":"WebSite","@id":"https:\/\/kochise.com.es\/wordpress\/#website","url":"https:\/\/kochise.com.es\/wordpress\/","name":"\u24c0\u24de\u24d2\u24d7\u24d8\u24e2\u24d4 \u06de","description":"\u2623 Freestyler - Ich poste, was ich mag und mich interessiert","inLanguage":"es-ES","publisher":{"@id":"https:\/\/kochise.com.es\/wordpress\/#organization"}}]},"og:locale":"es_ES","og:site_name":"\u24c0\u24de\u24d2\u24d7\u24d8\u24e2\u24d4     \u06de | \u2623 Freestyler - Ich poste, was ich mag und mich interessiert","og:type":"article","og:title":"Fern\u00e1n Gonz\u00e1lez tiene los ojos tristes... (La Olmeda, la Gernika soriana) | \u24c0\u24de\u24d2\u24d7\u24d8\u24e2\u24d4 \u06de","og:description":"Fern\u00e1n Gonz\u00e1lez tiene los ojos tristes\u2026 (La Olmeda, la Guernika Soriana). Antonio RUIZ VEGA (1990). Soria Semanal, 30 de octubre, p\u00e1gs.. 6-7. Etnograf\u00eda del municipio de La Olmeda (Soria).","og:url":"https:\/\/kochise.com.es\/wordpress\/fernan-gonzalez-tiene-los-ojos-tristes-la-olmeda-la-gernika-soriana\/","article:published_time":"2018-09-20T10:42:18+00:00","article:modified_time":"2023-01-28T11:04:12+00:00","twitter:card":"summary","twitter:title":"Fern\u00e1n Gonz\u00e1lez tiene los ojos tristes... (La Olmeda, la Gernika soriana) | \u24c0\u24de\u24d2\u24d7\u24d8\u24e2\u24d4 \u06de","twitter:description":"Fern\u00e1n Gonz\u00e1lez tiene los ojos tristes\u2026 (La Olmeda, la Guernika Soriana). Antonio RUIZ VEGA (1990). Soria Semanal, 30 de octubre, p\u00e1gs.. 6-7. Etnograf\u00eda del municipio de La Olmeda (Soria)."},"aioseo_meta_data":{"post_id":"8591","title":"Fern\u00e1n Gonz\u00e1lez tiene los ojos tristes... (La Olmeda, la Gernika soriana) | #site_title","description":"Fern\u00e1n Gonz\u00e1lez tiene los ojos tristes\u2026 (La Olmeda, la Guernika Soriana). Antonio RUIZ VEGA (1990). Soria Semanal, 30 de octubre, p\u00e1gs.. 6-7. Etnograf\u00eda del municipio de La Olmeda (Soria).","keywords":[{"label":"La Olmeda","value":"La Olmeda"},{"label":"Soria","value":"Soria"},{"label":"Fernan Gonzalez","value":"Fernan Gonzalez"},{"label":"Gernika","value":"Gernika"},{"label":"Soria Semanal","value":"Soria Semanal"},{"label":"Antonio Ruiz Vega","value":"Antonio Ruiz Vega"}],"keyphrases":{"focus":[],"additional":[]},"primary_term":null,"canonical_url":null,"og_title":null,"og_description":null,"og_object_type":"default","og_image_type":"default","og_image_url":null,"og_image_width":null,"og_image_height":null,"og_image_custom_url":null,"og_image_custom_fields":null,"og_video":"","og_custom_url":null,"og_article_section":null,"og_article_tags":[],"twitter_use_og":false,"twitter_card":"default","twitter_image_type":"default","twitter_image_url":null,"twitter_image_custom_url":null,"twitter_image_custom_fields":null,"twitter_title":null,"twitter_description":null,"schema":{"blockGraphs":[],"customGraphs":[],"default":{"data":{"Article":[],"Course":[],"Dataset":[],"FAQPage":[],"Movie":[],"Person":[],"Product":[],"ProductReview":[],"Car":[],"Recipe":[],"Service":[],"SoftwareApplication":[],"WebPage":[]},"graphName":"","isEnabled":true},"graphs":[],"defaultGraph":"Article","defaultPostTypeGraph":""},"schema_type":"default","schema_type_options":"{\"article\":{\"articleType\":\"BlogPosting\"},\"course\":{\"name\":\"\",\"description\":\"\",\"provider\":\"\"},\"faq\":{\"pages\":[]},\"product\":{\"reviews\":[]},\"recipe\":{\"ingredients\":[],\"instructions\":[],\"keywords\":[]},\"software\":{\"reviews\":[],\"operatingSystems\":[]},\"webPage\":{\"webPageType\":\"WebPage\"}}","pillar_content":false,"robots_default":true,"robots_noindex":false,"robots_noarchive":false,"robots_nosnippet":false,"robots_nofollow":false,"robots_noimageindex":false,"robots_noodp":false,"robots_notranslate":false,"robots_max_snippet":"-1","robots_max_videopreview":"-1","robots_max_imagepreview":"large","priority":null,"frequency":"default","local_seo":{"locations":{"business":{"name":"","businessType":"","image":"","areaServed":"","urls":{"website":"","aboutPage":"","contactPage":""},"address":{"streetLine1":"","streetLine2":"","zipCode":"","city":"","state":"","country":"","addressFormat":"#streetLineOne\n#streetLineTwo\n#city, #state #zipCode"},"contact":{"phone":"","email":"","fax":""},"ids":{"vat":"","tax":"","chamberOfCommerce":""},"payment":{"priceRange":"","currenciesAccepted":"","methods":""}}},"openingHours":{"useDefaults":true,"show":true,"alwaysOpen":false,"use24hFormat":false,"timezone":"","labels":{"closed":"","alwaysOpen":""},"days":{"monday":{"open24h":false,"closed":false,"openTime":"09:00","closeTime":"17:00"},"tuesday":{"open24h":false,"closed":false,"openTime":"09:00","closeTime":"17:00"},"wednesday":{"open24h":false,"closed":false,"openTime":"09:00","closeTime":"17:00"},"thursday":{"open24h":false,"closed":false,"openTime":"09:00","closeTime":"17:00"},"friday":{"open24h":false,"closed":false,"openTime":"09:00","closeTime":"17:00"},"saturday":{"open24h":false,"closed":false,"openTime":"09:00","closeTime":"17:00"},"sunday":{"open24h":false,"closed":false,"openTime":"09:00","closeTime":"17:00"}}}},"breadcrumb_settings":null,"limit_modified_date":false,"ai":null,"created":"2020-12-29 13:17:31","updated":"2023-01-28 11:04:52","seo_analyzer_scan_date":null,"focus_keyword":null,"additional_keywords":null,"truseo_locale":null},"aioseo_breadcrumb":"<div class=\"aioseo-breadcrumbs\"><span class=\"aioseo-breadcrumb\">\n\t\t\t<a href=\"https:\/\/kochise.com.es\/wordpress\" title=\"Home\">Home<\/a>\n\t\t<\/span><span class=\"aioseo-breadcrumb-separator\">\u00bb<\/span><span class=\"aioseo-breadcrumb\">\n\t\t\t<a href=\"https:\/\/kochise.com.es\/wordpress\/category\/etnografia\/\" title=\"Etnograf\u00eda\">Etnograf\u00eda<\/a>\n\t\t<\/span><span class=\"aioseo-breadcrumb-separator\">\u00bb<\/span><span class=\"aioseo-breadcrumb\">\n\t\t\tFern\u00e1n Gonz\u00e1lez tiene los ojos tristes\u2026 (La Olmeda, la Gernika soriana)\n\t\t<\/span><\/div>","aioseo_breadcrumb_json":[{"label":"Home","link":"https:\/\/kochise.com.es\/wordpress"},{"label":"Etnograf\u00eda","link":"https:\/\/kochise.com.es\/wordpress\/category\/etnografia\/"},{"label":"Fern\u00e1n Gonz\u00e1lez tiene los ojos tristes&#8230; (La Olmeda, la Gernika soriana)","link":"https:\/\/kochise.com.es\/wordpress\/fernan-gonzalez-tiene-los-ojos-tristes-la-olmeda-la-gernika-soriana\/"}],"_links":{"self":[{"href":"https:\/\/kochise.com.es\/wordpress\/wp-json\/wp\/v2\/posts\/8591","targetHints":{"allow":["GET"]}}],"collection":[{"href":"https:\/\/kochise.com.es\/wordpress\/wp-json\/wp\/v2\/posts"}],"about":[{"href":"https:\/\/kochise.com.es\/wordpress\/wp-json\/wp\/v2\/types\/post"}],"author":[{"embeddable":true,"href":"https:\/\/kochise.com.es\/wordpress\/wp-json\/wp\/v2\/users\/2"}],"replies":[{"embeddable":true,"href":"https:\/\/kochise.com.es\/wordpress\/wp-json\/wp\/v2\/comments?post=8591"}],"version-history":[{"count":25,"href":"https:\/\/kochise.com.es\/wordpress\/wp-json\/wp\/v2\/posts\/8591\/revisions"}],"predecessor-version":[{"id":11565,"href":"https:\/\/kochise.com.es\/wordpress\/wp-json\/wp\/v2\/posts\/8591\/revisions\/11565"}],"wp:attachment":[{"href":"https:\/\/kochise.com.es\/wordpress\/wp-json\/wp\/v2\/media?parent=8591"}],"wp:term":[{"taxonomy":"category","embeddable":true,"href":"https:\/\/kochise.com.es\/wordpress\/wp-json\/wp\/v2\/categories?post=8591"},{"taxonomy":"post_tag","embeddable":true,"href":"https:\/\/kochise.com.es\/wordpress\/wp-json\/wp\/v2\/tags?post=8591"}],"curies":[{"name":"wp","href":"https:\/\/api.w.org\/{rel}","templated":true}]}}