{"id":8623,"date":"2018-10-05T18:38:23","date_gmt":"2018-10-05T17:38:23","guid":{"rendered":"http:\/\/kochise.com.es\/wordpress\/?p=8623"},"modified":"2023-05-01T20:11:39","modified_gmt":"2023-05-01T19:11:39","slug":"la-olmeda-soria-en-datos","status":"publish","type":"post","link":"https:\/\/kochise.com.es\/wordpress\/la-olmeda-soria-en-datos\/","title":{"rendered":"La Olmeda (Soria), en datos"},"content":{"rendered":"<div class=\"su-heading su-heading-style-default su-heading-align-center\" id=\"\" style=\"font-size:20px;margin-bottom:30px\"><div class=\"su-heading-inner\"><strong>La Olmeda (Soria), en datos<\/strong><\/div><\/div>\n<p><img loading=\"lazy\" decoding=\"async\" class=\"alignnone aligncenter\" src=\"http:\/\/img110.xooimage.com\/files\/e\/a\/6\/85277832-2--551cf8d.jpg\" width=\"745\" height=\"314\" \/><\/p>\n<p><strong>LOCALIZACI\u00d3N<\/strong><\/p>\n<p style=\"text-align: justify;\"><span class=\"texto\">La Olmeda es una peque\u00f1a localidad de la provincia de Soria situada en la comunidad de Castilla-Leon, perteneciente al ayuntamiento de Burgo de Osma-Ciudad de Osma, a<\/span>dministramente perteneciente al municipio de <a href=\"https:\/\/es.wikipedia.org\/wiki\/El_Burgo_de_Osma\" target=\"_blank\" rel=\"noopener\">El Burgo de Osma<\/a>.<\/p>\n<p style=\"text-align: justify;\">La informaci\u00f3n y datos que facilita una primera fuente a la que acudir, la <a href=\"https:\/\/es.wikipedia.org\/wiki\/La_Olmeda_(Soria)\" target=\"_blank\" rel=\"noopener\">Wikipedia<\/a>, son muy escasos e insuficientes, pero sirve como una una primera aproximaci\u00f3n al municipio.<br \/>\n<!--more--><\/p>\n<p><img loading=\"lazy\" decoding=\"async\" class=\"alignnone\" src=\"http:\/\/img110.xooimage.com\/files\/3\/d\/a\/ubicacion-wikipedia-551d012.png\" alt=\"\" width=\"266\" height=\"241\" \/>\u00a0 <a href=\"https:\/\/www.google.com\/maps\/place\/41%C2%B032'47.3%22N+3%C2%B004'25.5%22W\/@41.5464735,-3.075015,489m\/data=!3m2!1e3!4b1!4m5!3m4!1s0x0:0x0!8m2!3d41.5464735!4d-3.0737394\" target=\"_blank\" rel=\"noopener\"><img loading=\"lazy\" decoding=\"async\" class=\"alignnone\" src=\"http:\/\/img110.xooimage.com\/files\/c\/a\/3\/el-burgo-de-osma.12-3--551d10f.jpg\" alt=\"\" width=\"381\" height=\"241\" \/><\/a><\/p>\n<p>&#8211; Polbalci\u00f3n (<a href=\"http:\/\/www.ine.es\/dyngs\/INEbase\/es\/operacion.htm?c=Estadistica_C&amp;cid=1254736177010&amp;menu=resultados&amp;idp=1254734710990\" target=\"_blank\" rel=\"noopener\">INE<\/a> 2022): 20 habitantes (11 hombres y 9 mujeres).<br \/>\n&#8211; Alitud: 883 m.<br \/>\n&#8211; Geolocalizaci\u00f3n:<br \/>\n. Latitud: 41\u00ba 32&#8242; 46&#8243; N <span class=\"texto\">(41.547958<\/span>).<br \/>\n. Longitud:3\u00ba 04&#8242; 25&#8243; O (<span class=\"texto\">-3.073327<\/span>).<br \/>\n&#8211; C\u00f3digo postal: 42313.<\/p>\n<p>En su t\u00e9rmino, separado de Vild\u00e9 por el Duero, ofrece tambi\u00e9n sus aguas el r\u00edo Sequillo al Ucero.<\/p>\n<p><strong>C\u00d3MO LLEGAR<\/strong><\/p>\n<p><img loading=\"lazy\" decoding=\"async\" class=\"alignright\" src=\"http:\/\/img110.xooimage.com\/files\/7\/e\/4\/laolmeda3-2-551d1d0.jpg\" alt=\"\" width=\"318\" height=\"201\" \/><div class=\"su-gmap su-u-responsive-media-no\"><iframe loading=\"lazy\" width=\"330\" height=\"220\" src=\"\/\/maps.google.com\/maps?q=La%20Olmeda%20Soria&amp;output=embed\" title=\"\"><\/iframe><\/div>\n<p><strong>ALGUNOS DATOS HIST\u00d3RICOS<\/strong><\/p>\n<ul>\n<li>La Olmeda solicita en 1879 a la Diputaci\u00f3n de Soria su segregaci\u00f3n de Osma para incorporarse al municipio de El Burgo de Osma.<\/li>\n<li>La fuente de la zorra, en la plaza, se inauguro en 1936.<\/li>\n<li>En 1967 se acuerda la <a href=\"https:\/\/www.boe.es\/boe\/dias\/1968\/01\/15\/pdfs\/A00576-00576.pdf\" target=\"_blank\" rel=\"noopener\">concentraci\u00f3n parcelaria<\/a> que afecta a La Olmeda.<\/li>\n<li>En el curso 1969\/1970 se cierra la escuela de La Olmeda.<\/li>\n<li>La pavimentaci\u00f3n de las calles del municipio se llev\u00f3 a cabo en 2008. En 2014 se llev\u00f3 a cabo una segunda fase de obras de redes y pavimentaci\u00f3n.<\/li>\n<li>En 2011 se reforna el consultorio m\u00e9dico que da servicio a La Olmeda dos veces por semana.<\/li>\n<li>La banda ancha <a href=\"http:\/\/www.heraldodiariodesoria.es\/noticias\/provincia\/banda-ancha-llegara-ano-12-pueblos-mas_105898.html\" target=\"_blank\" rel=\"noopener\">llegar\u00e1 en 2018<\/a> a La Olmeda.<\/li>\n<li>Pues no lleg\u00f3 la banda ancha en 2018, parece que <a href=\"https:\/\/heraldodiariodesoria.elmundo.es\/articulo\/provincia\/burgo-inicia-gestiones-extender-banda-ancha-municipio\/20221119190559347203.html\" target=\"_blank\" rel=\"noopener\">comienzan las gestiones<\/a> para que la banda ancha llegue en 2023.<\/li>\n<\/ul>\n<p><strong>EL TIEMPO EN LA OLMEDA<\/strong><\/p>\n<p><img loading=\"lazy\" decoding=\"async\" class=\"size-large aligncenter\" src=\"https:\/\/www.tiempo.com\/wimages\/foto052e7c2cdb12a2c8c988c48cc1e83d86.png\" width=\"407\" height=\"221\" \/><\/p>\n<p><strong>FIESTAS PATRONALES<\/strong><\/p>\n<p style=\"text-align: justify;\">Las fiestas patronales han tenido lugar tradicionalmente celebrando a su patrona la Virgen del Rosario, que se conmemora el 7 de octubre. Desde hace a\u00f1os, se sigue conmemorando a esta misma Virgen pero se trasladan sus festividades y actos al mes de agosto, seg\u00fan el calendario aprobado cada a\u00f1o por el Ayuntamiento de El Burgo de Osma.<\/p>\n","protected":false},"excerpt":{"rendered":"<p>La Olmeda (Soria), en datos. Informaci\u00f3n sobre la localidad soriana de La Olmeda: datos generales, localizaci\u00f3n, c\u00f3mo llegar, el tiempo, fiestas patronales. <a href=\"https:\/\/kochise.com.es\/wordpress\/la-olmeda-soria-en-datos\/\">Continue reading <span class=\"meta-nav\">&rarr;<\/span><\/a><\/p>\n","protected":false},"author":2,"featured_media":0,"comment_status":"open","ping_status":"open","sticky":false,"template":"","format":"standard","meta":{"_exactmetrics_skip_tracking":false,"footnotes":""},"categories":[737],"tags":[766,772,771,769,760,768,767,761,770],"class_list":["post-8623","post","type-post","status-publish","format-standard","hentry","category-etnografia","tag-burgo-de-osma","tag-etnografia","tag-fiestas","tag-historia","tag-la-olmeda","tag-llegar","tag-localizacion","tag-soria","tag-tiempo"],"aioseo_notices":[],"aioseo_head":"\n\t\t<!-- All in One SEO 5.0.1.1 - aioseo.com -->\n\t<meta name=\"description\" content=\"La Olmeda (Soria), en datos. LOCALIZACI\u00d3N. La Olmeda es una peque\u00f1a localidad de la provincia de Soria situada en la comunidad de Castilla-Leon, perteneciente al ayuntamiento de Burgo de Osma-Ciudad de Osma\" \/>\n\t<meta name=\"robots\" content=\"max-image-preview:large\" \/>\n\t<meta name=\"author\" content=\"Ricardo Sanz\"\/>\n\t<meta name=\"keywords\" content=\"la olmeda,soria,burgo de osma,localizacion,llegar,historia,tiempo,fiestas,etnografia,etnograf\u00eda\" \/>\n\t<link rel=\"canonical\" href=\"https:\/\/kochise.com.es\/wordpress\/la-olmeda-soria-en-datos\/\" \/>\n\t<meta name=\"generator\" content=\"All in One SEO (AIOSEO) 5.0.1.1\" \/>\n\t\t<meta property=\"og:locale\" content=\"es_ES\" \/>\n\t\t<meta property=\"og:site_name\" content=\"\u24c0\u24de\u24d2\u24d7\u24d8\u24e2\u24d4     \u06de | \u2623 Freestyler - Ich poste, was ich mag und mich interessiert\" \/>\n\t\t<meta property=\"og:type\" content=\"article\" \/>\n\t\t<meta property=\"og:title\" content=\"La Olmeda (Soria), en datos | \u24c0\u24de\u24d2\u24d7\u24d8\u24e2\u24d4 \u06de\" \/>\n\t\t<meta property=\"og:description\" content=\"La Olmeda (Soria), en datos. LOCALIZACI\u00d3N. La Olmeda es una peque\u00f1a localidad de la provincia de Soria situada en la comunidad de Castilla-Leon, perteneciente al ayuntamiento de Burgo de Osma-Ciudad de Osma\" \/>\n\t\t<meta property=\"og:url\" content=\"https:\/\/kochise.com.es\/wordpress\/la-olmeda-soria-en-datos\/\" \/>\n\t\t<meta property=\"article:published_time\" content=\"2018-10-05T17:38:23+00:00\" \/>\n\t\t<meta property=\"article:modified_time\" content=\"2023-05-01T19:11:39+00:00\" \/>\n\t\t<meta name=\"twitter:card\" content=\"summary\" \/>\n\t\t<meta name=\"twitter:title\" content=\"La Olmeda (Soria), en datos | \u24c0\u24de\u24d2\u24d7\u24d8\u24e2\u24d4 \u06de\" \/>\n\t\t<meta name=\"twitter:description\" content=\"La Olmeda (Soria), en datos. LOCALIZACI\u00d3N. La Olmeda es una peque\u00f1a localidad de la provincia de Soria situada en la comunidad de Castilla-Leon, perteneciente al ayuntamiento de Burgo de Osma-Ciudad de Osma\" \/>\n\t\t<script type=\"application\/ld+json\" class=\"aioseo-schema\">\n\t\t\t{\"@context\":\"https:\\\/\\\/schema.org\",\"@graph\":[{\"@type\":\"Article\",\"@id\":\"https:\\\/\\\/kochise.com.es\\\/wordpress\\\/la-olmeda-soria-en-datos\\\/#article\",\"name\":\"La Olmeda (Soria), en datos | \\u24c0\\u24de\\u24d2\\u24d7\\u24d8\\u24e2\\u24d4 \\u06de\",\"headline\":\"La Olmeda (Soria), en datos\",\"author\":{\"@id\":\"https:\\\/\\\/kochise.com.es\\\/wordpress\\\/author\\\/ricardo-sanz-aguilera\\\/#author\"},\"publisher\":{\"@id\":\"https:\\\/\\\/kochise.com.es\\\/wordpress\\\/#organization\"},\"image\":{\"@type\":\"ImageObject\",\"url\":\"http:\\\/\\\/img110.xooimage.com\\\/files\\\/e\\\/a\\\/6\\\/85277832-2--551cf8d.jpg\",\"@id\":\"https:\\\/\\\/kochise.com.es\\\/wordpress\\\/la-olmeda-soria-en-datos\\\/#articleImage\"},\"datePublished\":\"2018-10-05T18:38:23+01:00\",\"dateModified\":\"2023-05-01T20:11:39+01:00\",\"inLanguage\":\"es-ES\",\"mainEntityOfPage\":{\"@id\":\"https:\\\/\\\/kochise.com.es\\\/wordpress\\\/la-olmeda-soria-en-datos\\\/#webpage\"},\"isPartOf\":{\"@id\":\"https:\\\/\\\/kochise.com.es\\\/wordpress\\\/la-olmeda-soria-en-datos\\\/#webpage\"},\"articleSection\":\"Etnograf\\u00eda, Burgo de Osma, etnografia, fiestas, historia, La Olmeda, llegar, localizacion, Soria, tiempo\"},{\"@type\":\"BreadcrumbList\",\"@id\":\"https:\\\/\\\/kochise.com.es\\\/wordpress\\\/la-olmeda-soria-en-datos\\\/#breadcrumblist\",\"itemListElement\":[{\"@type\":\"ListItem\",\"@id\":\"https:\\\/\\\/kochise.com.es\\\/wordpress#listItem\",\"position\":1,\"name\":\"Home\",\"item\":\"https:\\\/\\\/kochise.com.es\\\/wordpress\",\"nextItem\":{\"@type\":\"ListItem\",\"@id\":\"https:\\\/\\\/kochise.com.es\\\/wordpress\\\/category\\\/etnografia\\\/#listItem\",\"name\":\"Etnograf\\u00eda\"}},{\"@type\":\"ListItem\",\"@id\":\"https:\\\/\\\/kochise.com.es\\\/wordpress\\\/category\\\/etnografia\\\/#listItem\",\"position\":2,\"name\":\"Etnograf\\u00eda\",\"item\":\"https:\\\/\\\/kochise.com.es\\\/wordpress\\\/category\\\/etnografia\\\/\",\"nextItem\":{\"@type\":\"ListItem\",\"@id\":\"https:\\\/\\\/kochise.com.es\\\/wordpress\\\/la-olmeda-soria-en-datos\\\/#listItem\",\"name\":\"La Olmeda (Soria), en datos\"},\"previousItem\":{\"@type\":\"ListItem\",\"@id\":\"https:\\\/\\\/kochise.com.es\\\/wordpress#listItem\",\"name\":\"Home\"}},{\"@type\":\"ListItem\",\"@id\":\"https:\\\/\\\/kochise.com.es\\\/wordpress\\\/la-olmeda-soria-en-datos\\\/#listItem\",\"position\":3,\"name\":\"La Olmeda (Soria), en datos\",\"previousItem\":{\"@type\":\"ListItem\",\"@id\":\"https:\\\/\\\/kochise.com.es\\\/wordpress\\\/category\\\/etnografia\\\/#listItem\",\"name\":\"Etnograf\\u00eda\"}}]},{\"@type\":\"Organization\",\"@id\":\"https:\\\/\\\/kochise.com.es\\\/wordpress\\\/#organization\",\"name\":\"\\u24c0\\u24de\\u24d2\\u24d7\\u24d8\\u24e2\\u24d4     \\u06de\",\"description\":\"\\u2623 Freestyler - Ich poste, was ich mag und mich interessiert\",\"url\":\"https:\\\/\\\/kochise.com.es\\\/wordpress\\\/\"},{\"@type\":\"Person\",\"@id\":\"https:\\\/\\\/kochise.com.es\\\/wordpress\\\/author\\\/ricardo-sanz-aguilera\\\/#author\",\"url\":\"https:\\\/\\\/kochise.com.es\\\/wordpress\\\/author\\\/ricardo-sanz-aguilera\\\/\",\"name\":\"Ricardo Sanz\",\"image\":{\"@type\":\"ImageObject\",\"@id\":\"https:\\\/\\\/kochise.com.es\\\/wordpress\\\/la-olmeda-soria-en-datos\\\/#authorImage\",\"url\":\"https:\\\/\\\/secure.gravatar.com\\\/avatar\\\/bf3018dd57eb041d2ca5bd5b54b687073a5f9f7dc451745040e5e9439702a183?s=96&d=mm&r=g\",\"width\":96,\"height\":96,\"caption\":\"Ricardo Sanz\"}},{\"@type\":\"WebPage\",\"@id\":\"https:\\\/\\\/kochise.com.es\\\/wordpress\\\/la-olmeda-soria-en-datos\\\/#webpage\",\"url\":\"https:\\\/\\\/kochise.com.es\\\/wordpress\\\/la-olmeda-soria-en-datos\\\/\",\"name\":\"La Olmeda (Soria), en datos | \\u24c0\\u24de\\u24d2\\u24d7\\u24d8\\u24e2\\u24d4 \\u06de\",\"description\":\"La Olmeda (Soria), en datos. LOCALIZACI\\u00d3N. La Olmeda es una peque\\u00f1a localidad de la provincia de Soria situada en la comunidad de Castilla-Leon, perteneciente al ayuntamiento de Burgo de Osma-Ciudad de Osma\",\"inLanguage\":\"es-ES\",\"isPartOf\":{\"@id\":\"https:\\\/\\\/kochise.com.es\\\/wordpress\\\/#website\"},\"breadcrumb\":{\"@id\":\"https:\\\/\\\/kochise.com.es\\\/wordpress\\\/la-olmeda-soria-en-datos\\\/#breadcrumblist\"},\"author\":{\"@id\":\"https:\\\/\\\/kochise.com.es\\\/wordpress\\\/author\\\/ricardo-sanz-aguilera\\\/#author\"},\"creator\":{\"@id\":\"https:\\\/\\\/kochise.com.es\\\/wordpress\\\/author\\\/ricardo-sanz-aguilera\\\/#author\"},\"datePublished\":\"2018-10-05T18:38:23+01:00\",\"dateModified\":\"2023-05-01T20:11:39+01:00\"},{\"@type\":\"WebSite\",\"@id\":\"https:\\\/\\\/kochise.com.es\\\/wordpress\\\/#website\",\"url\":\"https:\\\/\\\/kochise.com.es\\\/wordpress\\\/\",\"name\":\"\\u24c0\\u24de\\u24d2\\u24d7\\u24d8\\u24e2\\u24d4 \\u06de\",\"description\":\"\\u2623 Freestyler - Ich poste, was ich mag und mich interessiert\",\"inLanguage\":\"es-ES\",\"publisher\":{\"@id\":\"https:\\\/\\\/kochise.com.es\\\/wordpress\\\/#organization\"}}]}\n\t\t<\/script>\n\t\t<!-- All in One SEO -->\n\n","aioseo_head_json":{"title":"La Olmeda (Soria), en datos | \u24c0\u24de\u24d2\u24d7\u24d8\u24e2\u24d4 \u06de","description":"La Olmeda (Soria), en datos. LOCALIZACI\u00d3N. La Olmeda es una peque\u00f1a localidad de la provincia de Soria situada en la comunidad de Castilla-Leon, perteneciente al ayuntamiento de Burgo de Osma-Ciudad de Osma","canonical_url":"https:\/\/kochise.com.es\/wordpress\/la-olmeda-soria-en-datos\/","robots":"max-image-preview:large","keywords":"la olmeda,soria,burgo de osma,localizacion,llegar,historia,tiempo,fiestas,etnografia,etnograf\u00eda","webmasterTools":{"miscellaneous":""},"schema":{"@context":"https:\/\/schema.org","@graph":[{"@type":"Article","@id":"https:\/\/kochise.com.es\/wordpress\/la-olmeda-soria-en-datos\/#article","name":"La Olmeda (Soria), en datos | \u24c0\u24de\u24d2\u24d7\u24d8\u24e2\u24d4 \u06de","headline":"La Olmeda (Soria), en datos","author":{"@id":"https:\/\/kochise.com.es\/wordpress\/author\/ricardo-sanz-aguilera\/#author"},"publisher":{"@id":"https:\/\/kochise.com.es\/wordpress\/#organization"},"image":{"@type":"ImageObject","url":"http:\/\/img110.xooimage.com\/files\/e\/a\/6\/85277832-2--551cf8d.jpg","@id":"https:\/\/kochise.com.es\/wordpress\/la-olmeda-soria-en-datos\/#articleImage"},"datePublished":"2018-10-05T18:38:23+01:00","dateModified":"2023-05-01T20:11:39+01:00","inLanguage":"es-ES","mainEntityOfPage":{"@id":"https:\/\/kochise.com.es\/wordpress\/la-olmeda-soria-en-datos\/#webpage"},"isPartOf":{"@id":"https:\/\/kochise.com.es\/wordpress\/la-olmeda-soria-en-datos\/#webpage"},"articleSection":"Etnograf\u00eda, Burgo de Osma, etnografia, fiestas, historia, La Olmeda, llegar, localizacion, Soria, tiempo"},{"@type":"BreadcrumbList","@id":"https:\/\/kochise.com.es\/wordpress\/la-olmeda-soria-en-datos\/#breadcrumblist","itemListElement":[{"@type":"ListItem","@id":"https:\/\/kochise.com.es\/wordpress#listItem","position":1,"name":"Home","item":"https:\/\/kochise.com.es\/wordpress","nextItem":{"@type":"ListItem","@id":"https:\/\/kochise.com.es\/wordpress\/category\/etnografia\/#listItem","name":"Etnograf\u00eda"}},{"@type":"ListItem","@id":"https:\/\/kochise.com.es\/wordpress\/category\/etnografia\/#listItem","position":2,"name":"Etnograf\u00eda","item":"https:\/\/kochise.com.es\/wordpress\/category\/etnografia\/","nextItem":{"@type":"ListItem","@id":"https:\/\/kochise.com.es\/wordpress\/la-olmeda-soria-en-datos\/#listItem","name":"La Olmeda (Soria), en datos"},"previousItem":{"@type":"ListItem","@id":"https:\/\/kochise.com.es\/wordpress#listItem","name":"Home"}},{"@type":"ListItem","@id":"https:\/\/kochise.com.es\/wordpress\/la-olmeda-soria-en-datos\/#listItem","position":3,"name":"La Olmeda (Soria), en datos","previousItem":{"@type":"ListItem","@id":"https:\/\/kochise.com.es\/wordpress\/category\/etnografia\/#listItem","name":"Etnograf\u00eda"}}]},{"@type":"Organization","@id":"https:\/\/kochise.com.es\/wordpress\/#organization","name":"\u24c0\u24de\u24d2\u24d7\u24d8\u24e2\u24d4     \u06de","description":"\u2623 Freestyler - Ich poste, was ich mag und mich interessiert","url":"https:\/\/kochise.com.es\/wordpress\/"},{"@type":"Person","@id":"https:\/\/kochise.com.es\/wordpress\/author\/ricardo-sanz-aguilera\/#author","url":"https:\/\/kochise.com.es\/wordpress\/author\/ricardo-sanz-aguilera\/","name":"Ricardo Sanz","image":{"@type":"ImageObject","@id":"https:\/\/kochise.com.es\/wordpress\/la-olmeda-soria-en-datos\/#authorImage","url":"https:\/\/secure.gravatar.com\/avatar\/bf3018dd57eb041d2ca5bd5b54b687073a5f9f7dc451745040e5e9439702a183?s=96&d=mm&r=g","width":96,"height":96,"caption":"Ricardo Sanz"}},{"@type":"WebPage","@id":"https:\/\/kochise.com.es\/wordpress\/la-olmeda-soria-en-datos\/#webpage","url":"https:\/\/kochise.com.es\/wordpress\/la-olmeda-soria-en-datos\/","name":"La Olmeda (Soria), en datos | \u24c0\u24de\u24d2\u24d7\u24d8\u24e2\u24d4 \u06de","description":"La Olmeda (Soria), en datos. LOCALIZACI\u00d3N. La Olmeda es una peque\u00f1a localidad de la provincia de Soria situada en la comunidad de Castilla-Leon, perteneciente al ayuntamiento de Burgo de Osma-Ciudad de Osma","inLanguage":"es-ES","isPartOf":{"@id":"https:\/\/kochise.com.es\/wordpress\/#website"},"breadcrumb":{"@id":"https:\/\/kochise.com.es\/wordpress\/la-olmeda-soria-en-datos\/#breadcrumblist"},"author":{"@id":"https:\/\/kochise.com.es\/wordpress\/author\/ricardo-sanz-aguilera\/#author"},"creator":{"@id":"https:\/\/kochise.com.es\/wordpress\/author\/ricardo-sanz-aguilera\/#author"},"datePublished":"2018-10-05T18:38:23+01:00","dateModified":"2023-05-01T20:11:39+01:00"},{"@type":"WebSite","@id":"https:\/\/kochise.com.es\/wordpress\/#website","url":"https:\/\/kochise.com.es\/wordpress\/","name":"\u24c0\u24de\u24d2\u24d7\u24d8\u24e2\u24d4 \u06de","description":"\u2623 Freestyler - Ich poste, was ich mag und mich interessiert","inLanguage":"es-ES","publisher":{"@id":"https:\/\/kochise.com.es\/wordpress\/#organization"}}]},"og:locale":"es_ES","og:site_name":"\u24c0\u24de\u24d2\u24d7\u24d8\u24e2\u24d4     \u06de | \u2623 Freestyler - Ich poste, was ich mag und mich interessiert","og:type":"article","og:title":"La Olmeda (Soria), en datos | \u24c0\u24de\u24d2\u24d7\u24d8\u24e2\u24d4 \u06de","og:description":"La Olmeda (Soria), en datos. LOCALIZACI\u00d3N. La Olmeda es una peque\u00f1a localidad de la provincia de Soria situada en la comunidad de Castilla-Leon, perteneciente al ayuntamiento de Burgo de Osma-Ciudad de Osma","og:url":"https:\/\/kochise.com.es\/wordpress\/la-olmeda-soria-en-datos\/","article:published_time":"2018-10-05T17:38:23+00:00","article:modified_time":"2023-05-01T19:11:39+00:00","twitter:card":"summary","twitter:title":"La Olmeda (Soria), en datos | \u24c0\u24de\u24d2\u24d7\u24d8\u24e2\u24d4 \u06de","twitter:description":"La Olmeda (Soria), en datos. LOCALIZACI\u00d3N. La Olmeda es una peque\u00f1a localidad de la provincia de Soria situada en la comunidad de Castilla-Leon, perteneciente al ayuntamiento de Burgo de Osma-Ciudad de Osma"},"aioseo_meta_data":{"post_id":"8623","title":"La Olmeda (Soria), en datos | #site_title","description":"La Olmeda (Soria), en datos. LOCALIZACI\u00d3N. La Olmeda es una peque\u00f1a localidad de la provincia de Soria situada en la comunidad de Castilla-Leon, perteneciente al ayuntamiento de Burgo de Osma-Ciudad de Osma","keywords":[{"label":"La Olmeda","value":"La Olmeda"},{"label":"Soria","value":"Soria"},{"label":"Burgo de Osma","value":"Burgo de Osma"},{"label":"localizacion","value":"localizacion"},{"label":"llegar","value":"llegar"},{"label":"historia","value":"historia"},{"label":"tiempo","value":"tiempo"},{"label":"fiestas","value":"fiestas"},{"label":"etnografia","value":"etnografia"}],"keyphrases":{"focus":{"keyphrase":"","score":0,"analysis":{"keyphraseInTitle":{"score":0,"maxScore":9,"error":1}}},"additional":[]},"primary_term":null,"canonical_url":null,"og_title":null,"og_description":null,"og_object_type":"default","og_image_type":"default","og_image_url":null,"og_image_width":null,"og_image_height":null,"og_image_custom_url":null,"og_image_custom_fields":null,"og_video":"","og_custom_url":null,"og_article_section":null,"og_article_tags":[],"twitter_use_og":false,"twitter_card":"default","twitter_image_type":"default","twitter_image_url":null,"twitter_image_custom_url":null,"twitter_image_custom_fields":null,"twitter_title":null,"twitter_description":null,"schema":{"blockGraphs":[],"customGraphs":[],"default":{"data":{"Article":[],"Course":[],"Dataset":[],"FAQPage":[],"Movie":[],"Person":[],"Product":[],"ProductReview":[],"Car":[],"Recipe":[],"Service":[],"SoftwareApplication":[],"WebPage":[]},"graphName":"","isEnabled":true},"graphs":[],"defaultGraph":"Article","defaultPostTypeGraph":""},"schema_type":"default","schema_type_options":"{\"article\":{\"articleType\":\"BlogPosting\"},\"course\":{\"name\":\"\",\"description\":\"\",\"provider\":\"\"},\"faq\":{\"pages\":[]},\"product\":{\"reviews\":[]},\"recipe\":{\"ingredients\":[],\"instructions\":[],\"keywords\":[]},\"software\":{\"reviews\":[],\"operatingSystems\":[]},\"webPage\":{\"webPageType\":\"WebPage\"},\"blockGraphs\":[]}","pillar_content":false,"robots_default":true,"robots_noindex":false,"robots_noarchive":false,"robots_nosnippet":false,"robots_nofollow":false,"robots_noimageindex":false,"robots_noodp":false,"robots_notranslate":false,"robots_max_snippet":"-1","robots_max_videopreview":"-1","robots_max_imagepreview":"large","priority":null,"frequency":"default","local_seo":null,"breadcrumb_settings":null,"limit_modified_date":false,"ai":null,"created":"2020-12-29 13:17:31","updated":"2023-05-01 19:19:14","seo_analyzer_scan_date":null,"focus_keyword":null,"additional_keywords":null,"truseo_locale":null},"aioseo_breadcrumb":"<div class=\"aioseo-breadcrumbs\"><span class=\"aioseo-breadcrumb\">\n\t\t\t<a href=\"https:\/\/kochise.com.es\/wordpress\" title=\"Home\">Home<\/a>\n\t\t<\/span><span class=\"aioseo-breadcrumb-separator\">\u00bb<\/span><span class=\"aioseo-breadcrumb\">\n\t\t\t<a href=\"https:\/\/kochise.com.es\/wordpress\/category\/etnografia\/\" title=\"Etnograf\u00eda\">Etnograf\u00eda<\/a>\n\t\t<\/span><span class=\"aioseo-breadcrumb-separator\">\u00bb<\/span><span class=\"aioseo-breadcrumb\">\n\t\t\tLa Olmeda (Soria), en datos\n\t\t<\/span><\/div>","aioseo_breadcrumb_json":[{"label":"Home","link":"https:\/\/kochise.com.es\/wordpress"},{"label":"Etnograf\u00eda","link":"https:\/\/kochise.com.es\/wordpress\/category\/etnografia\/"},{"label":"La Olmeda (Soria), en datos","link":"https:\/\/kochise.com.es\/wordpress\/la-olmeda-soria-en-datos\/"}],"_links":{"self":[{"href":"https:\/\/kochise.com.es\/wordpress\/wp-json\/wp\/v2\/posts\/8623","targetHints":{"allow":["GET"]}}],"collection":[{"href":"https:\/\/kochise.com.es\/wordpress\/wp-json\/wp\/v2\/posts"}],"about":[{"href":"https:\/\/kochise.com.es\/wordpress\/wp-json\/wp\/v2\/types\/post"}],"author":[{"embeddable":true,"href":"https:\/\/kochise.com.es\/wordpress\/wp-json\/wp\/v2\/users\/2"}],"replies":[{"embeddable":true,"href":"https:\/\/kochise.com.es\/wordpress\/wp-json\/wp\/v2\/comments?post=8623"}],"version-history":[{"count":171,"href":"https:\/\/kochise.com.es\/wordpress\/wp-json\/wp\/v2\/posts\/8623\/revisions"}],"predecessor-version":[{"id":14159,"href":"https:\/\/kochise.com.es\/wordpress\/wp-json\/wp\/v2\/posts\/8623\/revisions\/14159"}],"wp:attachment":[{"href":"https:\/\/kochise.com.es\/wordpress\/wp-json\/wp\/v2\/media?parent=8623"}],"wp:term":[{"taxonomy":"category","embeddable":true,"href":"https:\/\/kochise.com.es\/wordpress\/wp-json\/wp\/v2\/categories?post=8623"},{"taxonomy":"post_tag","embeddable":true,"href":"https:\/\/kochise.com.es\/wordpress\/wp-json\/wp\/v2\/tags?post=8623"}],"curies":[{"name":"wp","href":"https:\/\/api.w.org\/{rel}","templated":true}]}}