{"id":8812,"date":"2018-10-06T09:50:26","date_gmt":"2018-10-06T08:50:26","guid":{"rendered":"http:\/\/kochise.com.es\/wordpress\/?p=8812"},"modified":"2026-01-25T12:11:07","modified_gmt":"2026-01-25T11:11:07","slug":"la-olmeda-soria-en-imagenes-lugares-de-interes","status":"publish","type":"post","link":"https:\/\/kochise.com.es\/wordpress\/la-olmeda-soria-en-imagenes-lugares-de-interes\/","title":{"rendered":"La Olmeda (Soria) en im\u00e1genes. Lugares de inter\u00e9s."},"content":{"rendered":"<p><img loading=\"lazy\" decoding=\"async\" class=\"alignnone size-large\" src=\"https:\/\/www.dl.dropboxusercontent.com\/scl\/fi\/8bvlg7jbt7aju69vrx5bb\/La_Olmeda_1_km.jpg?rlkey=kn73vz8yoeaec1p49r4ry23wp\" width=\"800\" height=\"362\" \/><\/p>\n<div class=\"su-heading su-heading-style-default su-heading-align-center\" id=\"\" style=\"font-size:20px;margin-bottom:30px\"><div class=\"su-heading-inner\"><strong>La Olmeda (Soria), en im\u00e1genes. Lugares de inter\u00e9s.<\/strong><\/div><\/div>\n<p style=\"text-align: justify;\">Vamos a dar un repaso a los lugares de inter\u00e9s del pueblo soriano de La Olmeda con rese\u00f1as interesantes de los m\u00edsmos, y en im\u00e1genes.<br \/>\n<!--more--><\/p>\n<p><strong>LUGARES DE INTERES<\/strong><\/p>\n<ul>\n<li><strong><a href=\"https:\/\/kochise.com.es\/wordpress\/la-olmeda-soria-la-iglesia-de-santa-maria-magdalena\/\" target=\"_blank\" rel=\"noopener\">Iglesia parroquial de Santa Mar\u00eda Magdalena<\/a>.<\/strong><\/li>\n<\/ul>\n<p style=\"text-align: justify;\">Se encuentra a la entrada del pueblo y se trata del primer edificio singular con el que uno se topa. Cuenta con una espada\u00f1a con campanario y su cementerio anejo. El templo alberga una talla medieval de la Virgen del Rosario, su patrona y a la que se venera, a la que en tiempos los olmedanos ofrec\u00edan el mejor de los racimos de sus vides, que se exhibe \u00fanicamente durante los actos de su celebraci\u00f3n (7 de octubre), y el <a href=\"https:\/\/kochise.com.es\/wordpress\/retablo-piedad-con-san-roque-como-donante-de-diego-de-urbina-en-la-iglesia-de-la-olmeda-soria\/\" target=\"_blank\" rel=\"noopener\">retablo <em>Piedad con San Roque como donante<\/em><\/a>, atribuido a Diego de Urbina, en la <a href=\"https:\/\/kochise.com.es\/wordpress\/memoria-de-la-capellania-fundada-por-gaspar-delgado-en-1568-en-la-iglesia-parroquial-de-la-olmeda-soria\/\" target=\"_blank\" rel=\"noopener\">capilla lateral de Gaspar Delgado<\/a>.<\/p>\n<p><a href=\"https:\/\/www.desdesoria.es\/asset\/thumbnail,1920,1080,center,center\/media\/desdesoria\/images\/2022\/05\/01\/laolmedafotos-DSCN7132.JPG\" rel=\"lightbox[8812]\"><img loading=\"lazy\" decoding=\"async\" class=\"alignnone\" style=\"font-weight: 300;\" src=\"https:\/\/www.desdesoria.es\/asset\/thumbnail,1920,1080,center,center\/media\/desdesoria\/images\/2022\/05\/01\/laolmedafotos-DSCN7132.JPG\" alt=\"\" width=\"327\" height=\"248\" \/><\/a><a href=\"https:\/\/www.desdesoria.es\/asset\/thumbnail,1920,1080,center,center\/media\/desdesoria\/images\/2022\/05\/01\/laolmedafotos-DSCN7131.JPG\" rel=\"lightbox[8812]\"><img loading=\"lazy\" decoding=\"async\" class=\"alignnone\" src=\"https:\/\/www.desdesoria.es\/asset\/thumbnail,1920,1080,center,center\/media\/desdesoria\/images\/2022\/05\/01\/laolmedafotos-DSCN7131.JPG\" alt=\"\" width=\"329\" height=\"248\" \/><\/a><a style=\"font-weight: 300;\" href=\"https:\/\/4.bp.blogspot.com\/-Zo0WER88NJY\/TrElfACbhAI\/AAAAAAAAL4k\/WLUf0b5flOk\/s1600\/Iglesia+de+La+Oemeda.JPG\" rel=\"lightbox[8812]\"><img loading=\"lazy\" decoding=\"async\" class=\"alignnone\" src=\"https:\/\/4.bp.blogspot.com\/-Zo0WER88NJY\/TrElfACbhAI\/AAAAAAAAL4k\/WLUf0b5flOk\/s1600\/Iglesia+de+La+Oemeda.JPG\" alt=\"\" width=\"327\" height=\"247\" \/><\/a><a style=\"font-weight: 300;\" href=\"https:\/\/kochise.com.es\/wordpress\/wp-content\/uploads\/2018\/10\/LaOlmeda_Iglesia.jpg\" rel=\"lightbox[8812]\"><img loading=\"lazy\" decoding=\"async\" class=\"alignnone wp-image-9375\" src=\"http:\/\/kochise.com.es\/wordpress\/wp-content\/uploads\/2018\/10\/LaOlmeda_Iglesia-300x225.jpg\" alt=\"\" width=\"329\" height=\"250\" \/><\/a><a href=\"https:\/\/www.desdesoria.es\/asset\/thumbnail,1920,1080,center,center\/media\/desdesoria\/images\/2022\/05\/01\/laolmedafotos-DSCN7129.JPG\" rel=\"lightbox[8812]\"><img loading=\"lazy\" decoding=\"async\" class=\"alignnone\" src=\"https:\/\/www.desdesoria.es\/asset\/thumbnail,1920,1080,center,center\/media\/desdesoria\/images\/2022\/05\/01\/laolmedafotos-DSCN7129.JPG\" alt=\"\" width=\"329\" height=\"248\" \/><\/a><a href=\"https:\/\/www.desdesoria.es\/asset\/thumbnail,1920,1080,center,center\/media\/desdesoria\/images\/2022\/05\/01\/laolmedafotos-DSCN7265.JPG\" rel=\"lightbox[8812]\"><img loading=\"lazy\" decoding=\"async\" class=\"alignnone\" style=\"font-weight: 300;\" src=\"https:\/\/www.desdesoria.es\/asset\/thumbnail,1920,1080,center,center\/media\/desdesoria\/images\/2022\/05\/01\/laolmedafotos-DSCN7265.JPG\" alt=\"\" width=\"327\" height=\"248\" \/><\/a><\/p>\n<div class=\"arconix-toggle-content\">\n<div class=\"row\">\n<div class=\"col-xs-12 col-md-9\">\n<div class=\"arconix-toggle-content\">\n<div class=\"row\">\n<div class=\"col-xs-12 col-md-9\">\n<p><strong><a href=\"https:\/\/kochise.com.es\/wordpress\/las-campanas-de-la-iglesia-de-santa-maria-magdalena-en-la-olmeda-soria\/\" target=\"_blank\" rel=\"noopener\">Las campanas<\/a><\/strong><\/p>\n<\/div>\n<\/div>\n<\/div>\n<\/div>\n<\/div>\n<\/div>\n<p><img loading=\"lazy\" decoding=\"async\" class=\"alignnone size-large\" src=\"https:\/\/kochise.com.es\/wordpress\/wp-content\/uploads\/2018\/LaOlmeda\/LaOlmeda-Iglesia_campanas_opt.jpg\" width=\"700\" height=\"525\" \/><\/p>\n<table class=\"sortable\" border=\"\" cellpadding=\"10\">\n<thead>\n<tr>\n<th>Localizaci\u00f3n<\/th>\n<th>Campana<\/th>\n<th>Autores<\/th>\n<th>A\u00f1o fundici\u00f3n<\/th>\n<th>Di\u00e1metro<\/th>\n<th>Peso<\/th>\n<\/tr>\n<\/thead>\n<tbody>\n<tr>\n<td>Espada\u00f1a (vano derecho)<\/td>\n<td><a href=\"http:\/\/campaners.com\/php\/campana1.php?numer=9072\" target=\"_blank\" rel=\"noopener\">Jes\u00fas, Mar\u00eda y Jos\u00e9<\/a><\/td>\n<td><\/td>\n<td align=\"right\">1894<\/td>\n<td align=\"right\">89<\/td>\n<td align=\"right\">267<\/td>\n<\/tr>\n<tr>\n<td>Espada\u00f1a (vano izquierdo)<\/td>\n<td><a href=\"http:\/\/campaners.com\/php\/campana1.php?numer=9073\" target=\"_blank\" rel=\"noopener\">Santa Mar\u00eda Magdalena<\/a><\/td>\n<td><a href=\"http:\/\/campaners.com\/php\/fonedor.php?numer=884\" target=\"_blank\" rel=\"noopener\">Manuel Corral<\/a><\/td>\n<td align=\"right\">1761<\/td>\n<td align=\"right\">74<\/td>\n<td align=\"right\">154<\/td>\n<\/tr>\n<\/tbody>\n<\/table>\n<ul>\n<li><strong>Plaza de la Fuente y Fuente &#8220;de la zorra&#8221;<\/strong><\/li>\n<\/ul>\n<p style=\"text-align: justify;\">Esta\u00a0 plaza no tiene una arquitectura relevante debido a las nuevas construcciones sin criterio que la rodean pero estuvo en el centro de la vida social de La Olmeda durante siglos.<\/p>\n<p style=\"text-align: justify;\">La fuente &#8220;de la zorra&#8221;, como la llamaron popularmente los olmedanos, inaugurada en enero de 1936, fue construida por Romualdo Mart\u00ednez Mart\u00ednez, vecino de Valdelinares, y se encuentra en el medio de la plaza de La Olmeda. Actualmente ha dejado de servir a su prop\u00f3sito como fuente y abrevadero.<\/p>\n<p><img loading=\"lazy\" decoding=\"async\" class=\"alignnone\" src=\"https:\/\/kochise.com.es\/wordpress\/wp-content\/uploads\/2017\/La_Olmeda-Plaza_y_fuente_opt.jpg\" alt=\"\" width=\"328\" height=\"249\" \/><img loading=\"lazy\" decoding=\"async\" class=\"alignnone \" src=\"http:\/\/2.bp.blogspot.com\/-XT9ia9KMK_Q\/TrElX4KI19I\/AAAAAAAAL4c\/0fvfENmsx68\/s1600\/Fuente+de+La+Olmeda.+Detalle.JPG\" width=\"328\" height=\"249\" \/><img loading=\"lazy\" decoding=\"async\" class=\"alignnone \" src=\"http:\/\/4.bp.blogspot.com\/-fVbOqpdZQW8\/TrElmJ07U-I\/AAAAAAAAL4s\/qvo37RUilqI\/s1600\/La+Olemda.+Fuente.JPG\" width=\"328\" height=\"435\" \/><img loading=\"lazy\" decoding=\"async\" class=\"alignnone \" src=\"https:\/\/kochise.com.es\/wordpress\/wp-content\/uploads\/2017\/La_Olmeda-Fuente_La_Zorra1_opt.jpg\" width=\"328\" height=\"433\" \/><img loading=\"lazy\" decoding=\"async\" class=\"alignnone \" src=\"https:\/\/kochise.com.es\/wordpress\/wp-content\/uploads\/2017\/La_Olmeda-Fuente_La_Zorra3_opt.jpg\" width=\"328\" height=\"433\" \/><img loading=\"lazy\" decoding=\"async\" class=\"alignnone \" src=\"https:\/\/dl.dropboxusercontent.com\/s\/y212g96rospw623\/La_Olmeda_Soria-Fuente_La_Zorra4.JPG\" width=\"328\" height=\"433\" \/><img loading=\"lazy\" decoding=\"async\" class=\"alignnone \" src=\"http:\/\/4.bp.blogspot.com\/-ROSyeeFGTLA\/TrEmLYHeSZI\/AAAAAAAAL5U\/pjTtTPTdIEM\/s1600\/la+olmeda+6.JPG\" width=\"328\" height=\"249\" \/><\/p>\n<ul>\n<li><strong>Plaza Mayor, del antiguo front\u00f3n, y Casa Consistorial<\/strong><\/li>\n<\/ul>\n<p style=\"text-align: justify;\"><img loading=\"lazy\" decoding=\"async\" class=\"alignnone \" src=\"https:\/\/kochise.com.es\/wordpress\/wp-content\/uploads\/2018\/LaOlmeda\/LaOlmeda-Plaza1_opt.jpg\" width=\"326\" height=\"248\" \/><img loading=\"lazy\" decoding=\"async\" class=\"alignnone \" src=\"http:\/\/1.bp.blogspot.com\/-W_dmJQ--uYQ\/TrEltkxonXI\/AAAAAAAAL40\/usbD_20Be3w\/s1600\/la+olmeda.JPG\" width=\"327\" height=\"248\" \/><br \/>\nPlaza del antiguo front\u00f3n con casa consistorial que inclu\u00eda la antigua &#8220;casa del maestro&#8221;, cuyo espacio es ahora utilizado como consultorio m\u00e9dico. Esta plaza tuvo dos olmos que enfermaron y murieron de <a href=\"https:\/\/es.wikipedia.org\/wiki\/Grafiosis\" target=\"_blank\" rel=\"noopener\">grafiosis<\/a>, y que fueron arrancados y sustituidos por los dos, tambi\u00e9n olmos aunque de distinta especie, que ahora tiene la plaza y que dan frescor en las calurosas tardes de verano.<br \/>\n<img loading=\"lazy\" decoding=\"async\" class=\"alignnone \" src=\"https:\/\/kochise.com.es\/wordpress\/wp-content\/uploads\/2018\/LaOlmeda\/CasaConsistorial_opt.jpg\" width=\"324\" height=\"187\" \/> <img loading=\"lazy\" decoding=\"async\" class=\"alignnone \" src=\"https:\/\/kochise.com.es\/wordpress\/wp-content\/uploads\/2018\/LaOlmeda\/CasaConsistorial2_opt.jpg\" width=\"324\" height=\"187\" \/><br \/>\nLa casa consistorial es una construcci\u00f3n en adobe y madera de 1889 edificada sobre la anterior e hist\u00f3rica casa sede de las reuniones de la <a href=\"https:\/\/historiadecovaleda.wordpress.com\/2014\/11\/20\/sobre-las-antiguas-instituciones-populares-de-castilla-iv\/\" target=\"_blank\" rel=\"noopener\">Junta de las Tres Casas<\/a>.<br \/>\n<img loading=\"lazy\" decoding=\"async\" class=\"alignnone \" src=\"https:\/\/kochise.com.es\/wordpress\/wp-content\/uploads\/2018\/LaOlmeda\/CasaDelCura_opt.jpg\" width=\"328\" height=\"187\" \/><img loading=\"lazy\" decoding=\"async\" class=\"alignnone \" src=\"https:\/\/kochise.com.es\/wordpress\/wp-content\/uploads\/2018\/LaOlmeda\/OlmoPlaza_opt.jpg\" width=\"328\" height=\"187\" \/><br \/>\nLa antigua &#8220;casa del cura&#8221;, ahora de propiedad privada, tambi\u00e9n se encuentra en esta plaza. Los \u00fanicos restos que quedan de los dos antiguos olmos centrales de la plaza es un olmo, &#8220;hijo&#8221; de aquellos, nacido de sus ra\u00edces, que crece en un rinc\u00f3n al lado de la casa consistorial (todos los olmos aut\u00f3ctonos de la pen\u00ednsula ib\u00e9rica -sea cual sea la variedad- son cl\u00f3nicos, producto de su forma de reproducirse mediante hijastros que nacen desde la ra\u00edces). Se trata de un olmo poco desarrollado y muy vulnerable a la sequ\u00eda.<\/p>\n<ul>\n<li><strong>Construcciones tradicionales en madera y <a href=\"https:\/\/www.youtube.com\/watch?v=W7wjY-yhYdM\" target=\"_blank\" rel=\"noopener\">adobe<\/a>.<\/strong><\/li>\n<\/ul>\n<p style=\"text-align: justify;\"><a href=\"https:\/\/www1.sedecatastro.gob.es\/Cartografia\/FXCC\/FotoFachada.aspx?refcat=3895701VL9939N0001IR&amp;del=42&amp;mun=71&amp;from=OVCListaBienes&amp;captcha=5cb599ed25cd08d81b4cc8e9cac2a755fb8b467e\"><img loading=\"lazy\" decoding=\"async\" class=\"alignnone\" src=\"https:\/\/kochise.com.es\/wordpress\/wp-content\/uploads\/2018\/LaOlmeda\/ConstruccionAdobe_opt.jpg\" alt=\"\" width=\"372\" height=\"214\" \/><\/a><img loading=\"lazy\" decoding=\"async\" class=\"alignnone \" src=\"http:\/\/3.bp.blogspot.com\/-eHwia_EYUA0\/TrEmD_hERPI\/AAAAAAAAL5M\/9IFWe3sQq9E\/s1600\/la+olmeda+5.JPG\" width=\"281\" height=\"214\" \/><br \/>\nEl material de construcci\u00f3n tradicional de La Olmeda era el <a href=\"https:\/\/es.wikipedia.org\/wiki\/Adobe\" target=\"_blank\" rel=\"noopener\">adobe<\/a>: ladrillos mezcla de barro y paja secados al sol dispuestos en un entramado de madera. Existen todav\u00eda construcciones con <a href=\"https:\/\/repositorio.uam.es\/bitstream\/handle\/10486\/8148\/44454_2.pdf?sequence=1\" target=\"_blank\" rel=\"noopener\">arquitectura de adobe<\/a> en diferentes estados de conservaci\u00f3n, aunque la mayor parte en estado precario. La piedra complementaba algunos elementos de la construcci\u00f3n pero no era constituyente fundamental.<\/p>\n<p style=\"text-align: justify;\">Resulta peculiar la que se conoc\u00eda como &#8220;casa del t\u00edo Saturio&#8221;, o tambi\u00e9n m\u00e1s recientemente como &#8220;casa de la t\u00eda Tomasa&#8221;, porque es la \u00fanica construcci\u00f3n en piedra, al lado de la iglesia y sin contar esta, que existe en La Olmeda. Se trata de una casa con pozo propio, algo tambi\u00e9n singular en este pueblo.<\/p>\n<ul>\n<li><strong><a href=\"https:\/\/kochise.com.es\/wordpress\/la-olmeda-soria-la-atalaya-de-el-enebral\/\" target=\"_blank\" rel=\"noopener\">La atalaya de La Olmeda-El Enebral<\/a>.<\/strong><\/li>\n<\/ul>\n<p style=\"text-align: justify;\"><img loading=\"lazy\" decoding=\"async\" class=\"alignright\" src=\"https:\/\/upload.wikimedia.org\/wikipedia\/commons\/c\/ca\/El_Enebral_Atalaya_de_el_Enebral_13.JPG\" width=\"213\" height=\"145\" \/>La Olmeda cuenta con una atalaya\u00a0de origen musulm\u00e1n, localizada en el paraje llamado El Enebral, en un alto conocido como de Los Aros, sobre una colina que controla esta parte del valle del Duero, en un entorno de sabinar a una cota de 936 metros (<span class=\"geo-default\"><span class=\"geo-dms\" title=\"Mapas, fotos y otros datos de 41\u00b032\u203202\u2033N 3\u00b003\u203209\u2033O\"><a class=\"external text\" href=\"https:\/\/www.google.com\/maps\/place\/41%C2%B032'02.0%22N+3%C2%B003'09.0%22W\/@41.5339007,-3.0532643,290m\/data=!3m1!1e3!4m5!3m4!1s0x0:0x0!8m2!3d41.5338889!4d-3.0525\" target=\"_blank\" rel=\"noopener\"><span class=\"latitude\">41\u00b032\u203202\u2033N\u00a0<\/span><span class=\"longitude\">3\u00b003\u203209\u2033O<\/span><\/a>&#8211;<a href=\"https:\/\/www.google.com\/maps\/place\/41%C2%B032'02.0%22N+3%C2%B003'08.8%22W\/@41.533896,-3.0531887,266m\/data=!3m2!1e3!4b1!4m14!1m7!3m6!1s0xd5cabeb583649b1:0x7227777fbb327add!2s42248+Lodares,+Soria!3b1!8m2!3d41.1909565!4d-2.4001864!3m5!1s0x0:0x0!7e2!8m2!3d41.5338962!4d-3.0524328\" target=\"_blank\" rel=\"noopener\">41.533896, -3.052433<\/a>).<\/span><\/span> Domina desde su posici\u00f3n unas excelentes vistas desde la que podemos divisar la fortaleza de Gormaz al este, la atalaya de el Lomero situada en el Burgo de Osma al noroeste, la de Navapalos al suroeste y finalmente la atalaya de Lodares de Osma (intervisibilidad), que por su situaci\u00f3n en mitad de un pinar se encuentra m\u00e1s disimulada.<\/p>\n<p style=\"text-align: justify;\"><img loading=\"lazy\" decoding=\"async\" class=\"alignright\" src=\"https:\/\/kochise.com.es\/wordpress\/wp-content\/uploads\/2018\/LaOlmeda\/torre_original.jpg\" alt=\"\" width=\"104\" height=\"136\" \/>Fue construida en el siglo X, en f\u00e1brica de mamposter\u00eda.\u00a0Su aparejo est\u00e1 formado por piedras menudas colocadas en hiladas claramente marcadas y conserva exteriormente parte del enfoscado con mortero de cal. De planta circular y alzado cil\u00edndrico con una altura superior a 9 metros, tiene un di\u00e1metro exterior de 5,4 m y de 2,4 m en el interior, y una estructura maciza hasta una altura de 1,20 metros, con muros de 1,50 metros de espesor.\u00a0La puerta de acceso est\u00e1 en altura, como en casi todas las construcciones de este tipo, y orientada al sureste, aunque originalmente estaba muy deteriorada. En tiempos presentaba un dintel ahora desaparecido por la merma de material en esta parte del per\u00edmetro.\u00a0Quedaban restos de la puerta, aunque expoliados, y evidencias de haber dispuesto de <a href=\"http:\/\/2.bp.blogspot.com\/--Wg7QmQ2LlY\/Um-85QtmbxI\/AAAAAAAADkU\/FmlGWUltYeA\/s1600\/Atalaya+-+esquema.jpg\" target=\"_blank\" rel=\"noopener\" rel=\"lightbox[8812]\">varios niveles<\/a> de ocupaci\u00f3n. Debido a la p\u00e9rdida de la cubierta, parte de la estructura baja de sus muros estaba seriamente da\u00f1ada.<\/p>\n<p><img loading=\"lazy\" decoding=\"async\" class=\"alignnone\" src=\"https:\/\/c1.staticflickr.com\/3\/2265\/2538828331_093b28ca79_o.jpg\" alt=\"\" width=\"326\" height=\"247\" \/> <img loading=\"lazy\" decoding=\"async\" class=\"alignnone \" src=\"https:\/\/c1.staticflickr.com\/3\/2005\/2538828107_3bcbb51491_o.jpg\" width=\"324\" height=\"246\" \/><\/p>\n<p style=\"text-align: justify;\">Esta torre fue reutilizada como palomar para lo que en todo el per\u00edmetro del piso superior se extrajeron piedras para formar los huecos de los nidos. En la actualidad, est\u00e1 <a href=\"http:\/\/www.castillosdesoria.com\/elenebral.htm\" target=\"_blank\" rel=\"noopener\">restaurada<\/a>. Se le han incorporado unas escaleras para acceder a su parte superior y se encuentra en este momento en buen estado de conservaci\u00f3n y abierta al p\u00fablico para su visita. En 2014 fue declarada <a href=\"https:\/\/es.wikipedia.org\/wiki\/Anexo:Bienes_de_inter%C3%A9s_cultural_de_la_provincia_de_Soria\" target=\"_blank\" rel=\"noopener\">Bien de Inter\u00e9s Cultural<\/a> con categor\u00eda de Monumento por la Junta de Castilla y Le\u00f3n.<\/p>\n<p>https:\/\/youtu.be\/NzzV6EyNRts<\/p>\n<ul>\n<li><strong>Puente de hierro.<\/strong><\/li>\n<\/ul>\n<p style=\"text-align: justify;\">El denominado &#8220;puente de hierro&#8221; por los olmedanos es un ejemplo de arquelog\u00eda industrial en las proximidades de La Olmeda (<a href=\"https:\/\/www.google.com\/maps\/place\/41%C2%B031'33.5%22N+3%C2%B005'05.0%22W\/@41.5259722,-3.0869109,489m\/data=!3m1!1e3!4m5!3m4!1s0x0:0x0!8m2!3d41.5259722!4d-3.0847222\" target=\"_blank\" rel=\"noopener\">41\u00b031&#8217;33.5&#8221;N 3\u00b05&#8217;5&#8221;O<\/a>). Se trata del puente sobre el r\u00edo Ucero construido en 1894 en el km. 154 de la <a href=\"https:\/\/es.wikipedia.org\/wiki\/Ferrocarril_Valladolid-Ariza\" target=\"_blank\" rel=\"noopener\">l\u00ednea ferrea Valladolid-Ariza<\/a>, cerrada definitivamente desde 1993.<\/p>\n<p style=\"text-align: justify;\"><img loading=\"lazy\" decoding=\"async\" class=\"alignnone \" src=\"https:\/\/kochise.com.es\/wordpress\/wp-content\/uploads\/2018\/LaOlmeda\/puentehierro1_opt.jpg\" width=\"326\" height=\"189\" \/><img loading=\"lazy\" decoding=\"async\" class=\"alignnone \" src=\"https:\/\/kochise.com.es\/wordpress\/wp-content\/uploads\/2018\/LaOlmeda\/puentehierro2_opt.jpg\" width=\"326\" height=\"189\" \/><br \/>\nDesde su construcci\u00f3n y durante m\u00e1s de 50 a\u00f1os sirvi\u00f3 de vado artificial para atravesar el r\u00edo Ucero a personas y animales que transitaban al otro lado del r\u00edo.<\/p>\n<p style=\"text-align: justify;\">Hoy en d\u00eda el piso se encuentra desmantelado por expoliadores del hierro que utilizando sierras radiales han desmontado las planchas de hierro que cubr\u00edan el recorrido, tanto en las pasarelas laterales como en el camino de la v\u00eda, as\u00ed como las barandillas met\u00e1licas de protecci\u00f3n que exist\u00edan antes del comienzo del puente. Cruzarlo en su estado actual supone gran peligro puesto que en la mayor parte del suelo s\u00f3lo quedan los railes y las traviesas de madera que los sustentan.<\/p>\n<p style=\"text-align: justify;\"><img loading=\"lazy\" decoding=\"async\" class=\"alignnone \" src=\"https:\/\/kochise.com.es\/wordpress\/wp-content\/uploads\/2018\/LaOlmeda\/puentehierro3_opt.jpg\" width=\"325\" height=\"569\" \/><img loading=\"lazy\" decoding=\"async\" class=\"alignnone \" src=\"https:\/\/kochise.com.es\/wordpress\/wp-content\/uploads\/2018\/LaOlmeda\/puentehierro4_opt.jpg\" width=\"325\" height=\"569\" \/><br \/>\nEl tiempo y la falta de atenci\u00f3n y mantenimiento han hecho que se encuentre cubierto en buena parte por vegetaci\u00f3n y maleza.<\/p>\n<p style=\"text-align: justify;\">En este puente sufri\u00f3 un atropello mortal en 1938 una ni\u00f1a vecina de La Olmeda.<\/p>\n<p><img loading=\"lazy\" decoding=\"async\" class=\"alignright\" src=\"https:\/\/kochise.com.es\/wordpress\/wp-content\/uploads\/2018\/LaOlmeda\/puentehierro6_opt.jpg\" width=\"275\" height=\"481\" \/><\/p>\n<p><img loading=\"lazy\" decoding=\"async\" class=\"alignnone \" src=\"https:\/\/dl.dropboxusercontent.com\/s\/hmrp2duawo597mp\/Puente_de_hierro-UNGY2318IMG_20210417_223245.jpg\" width=\"356\" height=\"269\" \/><img loading=\"lazy\" decoding=\"async\" class=\"alignnone \" src=\"https:\/\/kochise.com.es\/wordpress\/wp-content\/uploads\/2018\/LaOlmeda\/puentehierro5_opt.jpg\" width=\"354\" height=\"205\" \/><\/p>\n<p><img loading=\"lazy\" decoding=\"async\" class=\"alignnone \" src=\"https:\/\/dl.dropboxusercontent.com\/s\/ofl2iq438l7wotl\/Puente_de_hierro-UNGY2318UNGY2318.JPG\" width=\"327\" height=\"249\" \/><img loading=\"lazy\" decoding=\"async\" class=\"alignnone \" src=\"https:\/\/dl.dropboxusercontent.com\/s\/cv6w6f2qnfwpzf4\/Puente_de_hierro-UNGY2318UQMK1164.JPG\" width=\"328\" height=\"249\" \/><\/p>\n<p><img loading=\"lazy\" decoding=\"async\" class=\"alignnone size-large\" src=\"https:\/\/dl.dropboxusercontent.com\/s\/ore7on7pyrxadrp\/Puente_de_hierro-UNGY2318IMG_3318.JPG\" width=\"1204\" height=\"903\" \/><\/p>\n<p><iframe loading=\"lazy\" style=\"background-color: #000;\" src=\"https:\/\/vkvideo.ru\/video_ext.php?oid=-232566103&amp;id=456239017&amp;hd=2&amp;autoplay=1\" width=\"853\" height=\"480\" frameborder=\"0\" allowfullscreen=\"allowfullscreen\"><\/iframe><\/p>\n<p><strong>El Ojo de La Olmeda<\/strong><\/p>\n<p style=\"text-align: justify;\"><a href=\"https:\/\/kochise.com.es\/wordpress\/wp-content\/uploads\/2018\/LaOlmeda\/el_ojo_la_olmeda_opt.jpg\" target=\"_blank\" rel=\"noopener\" rel=\"lightbox[8812]\"><img loading=\"lazy\" decoding=\"async\" class=\"alignright\" src=\"https:\/\/kochise.com.es\/wordpress\/wp-content\/uploads\/2018\/LaOlmeda\/el_ojo_la_olmeda_opt.jpg\" alt=\"\" width=\"278\" height=\"253\" \/><\/a>En las proximidades del puente de hierro, direcci\u00f3n Ariza, se encuentra &#8220;el ojo&#8221; de La Olmeda. Se trata de una tajea o paso inferior bajo las v\u00edas del tren por el que pod\u00edan transitar personas y animales, sobradamente conocido para aquellos olmedanos de \u00e9pocas pret\u00e9ritas como lugar de paso al otro lado, y que di\u00f3 nombre a la zona colindante al mismo.<\/p>\n<p>&nbsp;<\/p>\n<p>&nbsp;<\/p>\n<p><strong>VIDEOS Y DOCUMENTOS GR\u00c1FICOS<\/strong><\/p>\n<p>Los <span style=\"text-decoration: underline;\">v\u00eddeos<\/span> de La Olmeda disponibles en la red:<\/p>\n<div class=\"su-youtube su-u-responsive-media-yes\"><iframe loading=\"lazy\" width=\"300\" height=\"200\" src=\"https:\/\/www.youtube.com\/embed\/fghMNO1-W68?\" frameborder=\"0\" allowfullscreen allow=\"autoplay; encrypted-media; picture-in-picture\" title=\"\"><\/iframe><\/div>\n<div class=\"su-youtube su-u-responsive-media-yes\"><iframe loading=\"lazy\" width=\"300\" height=\"200\" src=\"https:\/\/www.youtube.com\/embed\/50HYDtMnZGg?\" frameborder=\"0\" allowfullscreen allow=\"autoplay; encrypted-media; picture-in-picture\" title=\"\"><\/iframe><\/div>\n<div class=\"su-youtube su-u-responsive-media-yes\"><iframe loading=\"lazy\" width=\"300\" height=\"200\" src=\"https:\/\/www.youtube.com\/embed\/uQlE6cM6AkA?\" frameborder=\"0\" allowfullscreen allow=\"autoplay; encrypted-media; picture-in-picture\" title=\"\"><\/iframe><\/div>\n<p><iframe loading=\"lazy\" style=\"border: none; overflow: hidden;\" src=\"https:\/\/www.facebook.com\/plugins\/video.php?height=476&amp;href=https%3A%2F%2Fwww.facebook.com%2Freel%2F1719950168529499%2F&amp;show_text=false&amp;width=267&amp;t=0\" width=\"267\" height=\"476\" frameborder=\"0\" scrolling=\"no\" allowfullscreen=\"allowfullscreen\"><\/iframe><br \/>\n<span style=\"text-decoration: underline;\">Reportaje fotogr\u00e1fico<\/span>:<\/p>\n<p><a href=\"https:\/\/www.desdesoria.es\/blog\/un-libro-del-mundo\/pueblos-de-soria-la-olmeda\/20220501071154144507.html#photo-84\" target=\"_blank\" rel=\"noopener\">desdesoria.es | 29-4-2022. Pueblos de Soria: La Olmeda<\/a><\/p>\n<hr \/>\n<p><strong>RUTAS<\/strong><\/p>\n<p>Una ruta senderista en las inmediaciones de La Olmeda por los amigos de <a href=\"https:\/\/treparriscossantacatalina.wordpress.com\/2021\/05\/07\/el-enebral-el-duero-y-un-puente-precioso-r-122-treparriscos-de-s-catalina\/\" target=\"_blank\" rel=\"noopener\">treparriscossantacatalina<\/a>.<\/p>\n<hr \/>\n<p>AGRADECIMIENTOS<\/p>\n<p style=\"text-align: justify;\">Agradecemos la ayuda facilitada y colaboraci\u00f3n prestada por Alberto Fern\u00e1ndez Villanueva, Mar\u00eda Aguilera Manrique y Miguel \u00c1ngel Aguilera M\u00ednguez.<\/p>\n<hr \/>\n<p>&nbsp;<\/p>\n","protected":false},"excerpt":{"rendered":"<p>Vamos a dar un repaso a los lugares de inter\u00e9s del pueblo soriano de La Olmeda con rese\u00f1as interesantes de los m\u00edsmos, y en im\u00e1genes.<\/p>\n","protected":false},"author":2,"featured_media":0,"comment_status":"open","ping_status":"open","sticky":false,"template":"","format":"standard","meta":{"_exactmetrics_skip_tracking":false,"footnotes":""},"categories":[737],"tags":[779,780,781,772,777,776,773,541,760,778,774,782,775,761,204],"class_list":["post-8812","post","type-post","status-publish","format-standard","hentry","category-etnografia","tag-adobe","tag-atalaya","tag-el-enebral","tag-etnografia","tag-fuente","tag-iglesia","tag-imagenes","tag-interes","tag-la-olmeda","tag-la-zorra","tag-lugares","tag-ojo","tag-puente-de-hierro","tag-soria","tag-videos"],"aioseo_notices":[],"aioseo_head":"\n\t\t<!-- All in One SEO 5.0.1.1 - aioseo.com -->\n\t<meta name=\"description\" content=\"La Olmeda (Soria), en im\u00e1genes. Lugares de inter\u00e9s. Informaci\u00f3n y repaso en im\u00e1genes a los lugares de inter\u00e9s de La Olmeda .\" \/>\n\t<meta name=\"robots\" content=\"max-image-preview:large\" \/>\n\t<meta name=\"author\" content=\"Ricardo Sanz\"\/>\n\t<meta name=\"keywords\" content=\"la olmeda,soria,imagenes,lugares,interes,puente de hierro,iglesia,fuente,la zorra,adobe,atalaya,el enebral,ojo,videos,etnografia,etnograf\u00eda\" \/>\n\t<link rel=\"canonical\" href=\"https:\/\/kochise.com.es\/wordpress\/la-olmeda-soria-en-imagenes-lugares-de-interes\/\" \/>\n\t<meta name=\"generator\" content=\"All in One SEO (AIOSEO) 5.0.1.1\" \/>\n\t\t<meta property=\"og:locale\" content=\"es_ES\" \/>\n\t\t<meta property=\"og:site_name\" content=\"\u24c0\u24de\u24d2\u24d7\u24d8\u24e2\u24d4     \u06de | \u2623 Freestyler - Ich poste, was ich mag und mich interessiert\" \/>\n\t\t<meta property=\"og:type\" content=\"article\" \/>\n\t\t<meta property=\"og:title\" content=\"La Olmeda (Soria), en im\u00e1genes. Lugares de inter\u00e9s | \u24c0\u24de\u24d2\u24d7\u24d8\u24e2\u24d4 \u06de\" \/>\n\t\t<meta property=\"og:description\" content=\"La Olmeda (Soria), en im\u00e1genes. Lugares de inter\u00e9s. Informaci\u00f3n y repaso en im\u00e1genes a los lugares de inter\u00e9s de La Olmeda .\" \/>\n\t\t<meta property=\"og:url\" content=\"https:\/\/kochise.com.es\/wordpress\/la-olmeda-soria-en-imagenes-lugares-de-interes\/\" \/>\n\t\t<meta property=\"article:published_time\" content=\"2018-10-06T08:50:26+00:00\" \/>\n\t\t<meta property=\"article:modified_time\" content=\"2026-01-25T11:11:07+00:00\" \/>\n\t\t<meta name=\"twitter:card\" content=\"summary\" \/>\n\t\t<meta name=\"twitter:title\" content=\"La Olmeda (Soria), en im\u00e1genes. Lugares de inter\u00e9s | \u24c0\u24de\u24d2\u24d7\u24d8\u24e2\u24d4 \u06de\" \/>\n\t\t<meta name=\"twitter:description\" content=\"La Olmeda (Soria), en im\u00e1genes. Lugares de inter\u00e9s. Informaci\u00f3n y repaso en im\u00e1genes a los lugares de inter\u00e9s de La Olmeda .\" \/>\n\t\t<script type=\"application\/ld+json\" class=\"aioseo-schema\">\n\t\t\t{\"@context\":\"https:\\\/\\\/schema.org\",\"@graph\":[{\"@type\":\"Article\",\"@id\":\"https:\\\/\\\/kochise.com.es\\\/wordpress\\\/la-olmeda-soria-en-imagenes-lugares-de-interes\\\/#article\",\"name\":\"La Olmeda (Soria), en im\\u00e1genes. Lugares de inter\\u00e9s | \\u24c0\\u24de\\u24d2\\u24d7\\u24d8\\u24e2\\u24d4 \\u06de\",\"headline\":\"La Olmeda (Soria) en im\\u00e1genes. Lugares de inter\\u00e9s.\",\"author\":{\"@id\":\"https:\\\/\\\/kochise.com.es\\\/wordpress\\\/author\\\/ricardo-sanz-aguilera\\\/#author\"},\"publisher\":{\"@id\":\"https:\\\/\\\/kochise.com.es\\\/wordpress\\\/#organization\"},\"image\":{\"@type\":\"ImageObject\",\"url\":\"https:\\\/\\\/www.dl.dropboxusercontent.com\\\/scl\\\/fi\\\/8bvlg7jbt7aju69vrx5bb\\\/La_Olmeda_1_km.jpg?rlkey=kn73vz8yoeaec1p49r4ry23wp\",\"@id\":\"https:\\\/\\\/kochise.com.es\\\/wordpress\\\/la-olmeda-soria-en-imagenes-lugares-de-interes\\\/#articleImage\"},\"datePublished\":\"2018-10-06T09:50:26+01:00\",\"dateModified\":\"2026-01-25T12:11:07+01:00\",\"inLanguage\":\"es-ES\",\"mainEntityOfPage\":{\"@id\":\"https:\\\/\\\/kochise.com.es\\\/wordpress\\\/la-olmeda-soria-en-imagenes-lugares-de-interes\\\/#webpage\"},\"isPartOf\":{\"@id\":\"https:\\\/\\\/kochise.com.es\\\/wordpress\\\/la-olmeda-soria-en-imagenes-lugares-de-interes\\\/#webpage\"},\"articleSection\":\"Etnograf\\u00eda, adobe, atalaya, el enebral, etnografia, fuente, iglesia, imagenes, interes, La Olmeda, la zorra, lugares, ojo, puente de hierro, Soria, videos\"},{\"@type\":\"BreadcrumbList\",\"@id\":\"https:\\\/\\\/kochise.com.es\\\/wordpress\\\/la-olmeda-soria-en-imagenes-lugares-de-interes\\\/#breadcrumblist\",\"itemListElement\":[{\"@type\":\"ListItem\",\"@id\":\"https:\\\/\\\/kochise.com.es\\\/wordpress#listItem\",\"position\":1,\"name\":\"Home\",\"item\":\"https:\\\/\\\/kochise.com.es\\\/wordpress\",\"nextItem\":{\"@type\":\"ListItem\",\"@id\":\"https:\\\/\\\/kochise.com.es\\\/wordpress\\\/category\\\/etnografia\\\/#listItem\",\"name\":\"Etnograf\\u00eda\"}},{\"@type\":\"ListItem\",\"@id\":\"https:\\\/\\\/kochise.com.es\\\/wordpress\\\/category\\\/etnografia\\\/#listItem\",\"position\":2,\"name\":\"Etnograf\\u00eda\",\"item\":\"https:\\\/\\\/kochise.com.es\\\/wordpress\\\/category\\\/etnografia\\\/\",\"nextItem\":{\"@type\":\"ListItem\",\"@id\":\"https:\\\/\\\/kochise.com.es\\\/wordpress\\\/la-olmeda-soria-en-imagenes-lugares-de-interes\\\/#listItem\",\"name\":\"La Olmeda (Soria) en im\\u00e1genes. Lugares de inter\\u00e9s.\"},\"previousItem\":{\"@type\":\"ListItem\",\"@id\":\"https:\\\/\\\/kochise.com.es\\\/wordpress#listItem\",\"name\":\"Home\"}},{\"@type\":\"ListItem\",\"@id\":\"https:\\\/\\\/kochise.com.es\\\/wordpress\\\/la-olmeda-soria-en-imagenes-lugares-de-interes\\\/#listItem\",\"position\":3,\"name\":\"La Olmeda (Soria) en im\\u00e1genes. Lugares de inter\\u00e9s.\",\"previousItem\":{\"@type\":\"ListItem\",\"@id\":\"https:\\\/\\\/kochise.com.es\\\/wordpress\\\/category\\\/etnografia\\\/#listItem\",\"name\":\"Etnograf\\u00eda\"}}]},{\"@type\":\"Organization\",\"@id\":\"https:\\\/\\\/kochise.com.es\\\/wordpress\\\/#organization\",\"name\":\"\\u24c0\\u24de\\u24d2\\u24d7\\u24d8\\u24e2\\u24d4     \\u06de\",\"description\":\"\\u2623 Freestyler - Ich poste, was ich mag und mich interessiert\",\"url\":\"https:\\\/\\\/kochise.com.es\\\/wordpress\\\/\"},{\"@type\":\"Person\",\"@id\":\"https:\\\/\\\/kochise.com.es\\\/wordpress\\\/author\\\/ricardo-sanz-aguilera\\\/#author\",\"url\":\"https:\\\/\\\/kochise.com.es\\\/wordpress\\\/author\\\/ricardo-sanz-aguilera\\\/\",\"name\":\"Ricardo Sanz\",\"image\":{\"@type\":\"ImageObject\",\"@id\":\"https:\\\/\\\/kochise.com.es\\\/wordpress\\\/la-olmeda-soria-en-imagenes-lugares-de-interes\\\/#authorImage\",\"url\":\"https:\\\/\\\/secure.gravatar.com\\\/avatar\\\/bf3018dd57eb041d2ca5bd5b54b687073a5f9f7dc451745040e5e9439702a183?s=96&d=mm&r=g\",\"width\":96,\"height\":96,\"caption\":\"Ricardo Sanz\"}},{\"@type\":\"WebPage\",\"@id\":\"https:\\\/\\\/kochise.com.es\\\/wordpress\\\/la-olmeda-soria-en-imagenes-lugares-de-interes\\\/#webpage\",\"url\":\"https:\\\/\\\/kochise.com.es\\\/wordpress\\\/la-olmeda-soria-en-imagenes-lugares-de-interes\\\/\",\"name\":\"La Olmeda (Soria), en im\\u00e1genes. Lugares de inter\\u00e9s | \\u24c0\\u24de\\u24d2\\u24d7\\u24d8\\u24e2\\u24d4 \\u06de\",\"description\":\"La Olmeda (Soria), en im\\u00e1genes. Lugares de inter\\u00e9s. Informaci\\u00f3n y repaso en im\\u00e1genes a los lugares de inter\\u00e9s de La Olmeda .\",\"inLanguage\":\"es-ES\",\"isPartOf\":{\"@id\":\"https:\\\/\\\/kochise.com.es\\\/wordpress\\\/#website\"},\"breadcrumb\":{\"@id\":\"https:\\\/\\\/kochise.com.es\\\/wordpress\\\/la-olmeda-soria-en-imagenes-lugares-de-interes\\\/#breadcrumblist\"},\"author\":{\"@id\":\"https:\\\/\\\/kochise.com.es\\\/wordpress\\\/author\\\/ricardo-sanz-aguilera\\\/#author\"},\"creator\":{\"@id\":\"https:\\\/\\\/kochise.com.es\\\/wordpress\\\/author\\\/ricardo-sanz-aguilera\\\/#author\"},\"datePublished\":\"2018-10-06T09:50:26+01:00\",\"dateModified\":\"2026-01-25T12:11:07+01:00\"},{\"@type\":\"WebSite\",\"@id\":\"https:\\\/\\\/kochise.com.es\\\/wordpress\\\/#website\",\"url\":\"https:\\\/\\\/kochise.com.es\\\/wordpress\\\/\",\"name\":\"\\u24c0\\u24de\\u24d2\\u24d7\\u24d8\\u24e2\\u24d4 \\u06de\",\"description\":\"\\u2623 Freestyler - Ich poste, was ich mag und mich interessiert\",\"inLanguage\":\"es-ES\",\"publisher\":{\"@id\":\"https:\\\/\\\/kochise.com.es\\\/wordpress\\\/#organization\"}}]}\n\t\t<\/script>\n\t\t<!-- All in One SEO -->\n\n","aioseo_head_json":{"title":"La Olmeda (Soria), en im\u00e1genes. Lugares de inter\u00e9s | \u24c0\u24de\u24d2\u24d7\u24d8\u24e2\u24d4 \u06de","description":"La Olmeda (Soria), en im\u00e1genes. Lugares de inter\u00e9s. Informaci\u00f3n y repaso en im\u00e1genes a los lugares de inter\u00e9s de La Olmeda .","canonical_url":"https:\/\/kochise.com.es\/wordpress\/la-olmeda-soria-en-imagenes-lugares-de-interes\/","robots":"max-image-preview:large","keywords":"la olmeda,soria,imagenes,lugares,interes,puente de hierro,iglesia,fuente,la zorra,adobe,atalaya,el enebral,ojo,videos,etnografia,etnograf\u00eda","webmasterTools":{"miscellaneous":""},"schema":{"@context":"https:\/\/schema.org","@graph":[{"@type":"Article","@id":"https:\/\/kochise.com.es\/wordpress\/la-olmeda-soria-en-imagenes-lugares-de-interes\/#article","name":"La Olmeda (Soria), en im\u00e1genes. Lugares de inter\u00e9s | \u24c0\u24de\u24d2\u24d7\u24d8\u24e2\u24d4 \u06de","headline":"La Olmeda (Soria) en im\u00e1genes. Lugares de inter\u00e9s.","author":{"@id":"https:\/\/kochise.com.es\/wordpress\/author\/ricardo-sanz-aguilera\/#author"},"publisher":{"@id":"https:\/\/kochise.com.es\/wordpress\/#organization"},"image":{"@type":"ImageObject","url":"https:\/\/www.dl.dropboxusercontent.com\/scl\/fi\/8bvlg7jbt7aju69vrx5bb\/La_Olmeda_1_km.jpg?rlkey=kn73vz8yoeaec1p49r4ry23wp","@id":"https:\/\/kochise.com.es\/wordpress\/la-olmeda-soria-en-imagenes-lugares-de-interes\/#articleImage"},"datePublished":"2018-10-06T09:50:26+01:00","dateModified":"2026-01-25T12:11:07+01:00","inLanguage":"es-ES","mainEntityOfPage":{"@id":"https:\/\/kochise.com.es\/wordpress\/la-olmeda-soria-en-imagenes-lugares-de-interes\/#webpage"},"isPartOf":{"@id":"https:\/\/kochise.com.es\/wordpress\/la-olmeda-soria-en-imagenes-lugares-de-interes\/#webpage"},"articleSection":"Etnograf\u00eda, adobe, atalaya, el enebral, etnografia, fuente, iglesia, imagenes, interes, La Olmeda, la zorra, lugares, ojo, puente de hierro, Soria, videos"},{"@type":"BreadcrumbList","@id":"https:\/\/kochise.com.es\/wordpress\/la-olmeda-soria-en-imagenes-lugares-de-interes\/#breadcrumblist","itemListElement":[{"@type":"ListItem","@id":"https:\/\/kochise.com.es\/wordpress#listItem","position":1,"name":"Home","item":"https:\/\/kochise.com.es\/wordpress","nextItem":{"@type":"ListItem","@id":"https:\/\/kochise.com.es\/wordpress\/category\/etnografia\/#listItem","name":"Etnograf\u00eda"}},{"@type":"ListItem","@id":"https:\/\/kochise.com.es\/wordpress\/category\/etnografia\/#listItem","position":2,"name":"Etnograf\u00eda","item":"https:\/\/kochise.com.es\/wordpress\/category\/etnografia\/","nextItem":{"@type":"ListItem","@id":"https:\/\/kochise.com.es\/wordpress\/la-olmeda-soria-en-imagenes-lugares-de-interes\/#listItem","name":"La Olmeda (Soria) en im\u00e1genes. Lugares de inter\u00e9s."},"previousItem":{"@type":"ListItem","@id":"https:\/\/kochise.com.es\/wordpress#listItem","name":"Home"}},{"@type":"ListItem","@id":"https:\/\/kochise.com.es\/wordpress\/la-olmeda-soria-en-imagenes-lugares-de-interes\/#listItem","position":3,"name":"La Olmeda (Soria) en im\u00e1genes. Lugares de inter\u00e9s.","previousItem":{"@type":"ListItem","@id":"https:\/\/kochise.com.es\/wordpress\/category\/etnografia\/#listItem","name":"Etnograf\u00eda"}}]},{"@type":"Organization","@id":"https:\/\/kochise.com.es\/wordpress\/#organization","name":"\u24c0\u24de\u24d2\u24d7\u24d8\u24e2\u24d4     \u06de","description":"\u2623 Freestyler - Ich poste, was ich mag und mich interessiert","url":"https:\/\/kochise.com.es\/wordpress\/"},{"@type":"Person","@id":"https:\/\/kochise.com.es\/wordpress\/author\/ricardo-sanz-aguilera\/#author","url":"https:\/\/kochise.com.es\/wordpress\/author\/ricardo-sanz-aguilera\/","name":"Ricardo Sanz","image":{"@type":"ImageObject","@id":"https:\/\/kochise.com.es\/wordpress\/la-olmeda-soria-en-imagenes-lugares-de-interes\/#authorImage","url":"https:\/\/secure.gravatar.com\/avatar\/bf3018dd57eb041d2ca5bd5b54b687073a5f9f7dc451745040e5e9439702a183?s=96&d=mm&r=g","width":96,"height":96,"caption":"Ricardo Sanz"}},{"@type":"WebPage","@id":"https:\/\/kochise.com.es\/wordpress\/la-olmeda-soria-en-imagenes-lugares-de-interes\/#webpage","url":"https:\/\/kochise.com.es\/wordpress\/la-olmeda-soria-en-imagenes-lugares-de-interes\/","name":"La Olmeda (Soria), en im\u00e1genes. Lugares de inter\u00e9s | \u24c0\u24de\u24d2\u24d7\u24d8\u24e2\u24d4 \u06de","description":"La Olmeda (Soria), en im\u00e1genes. Lugares de inter\u00e9s. Informaci\u00f3n y repaso en im\u00e1genes a los lugares de inter\u00e9s de La Olmeda .","inLanguage":"es-ES","isPartOf":{"@id":"https:\/\/kochise.com.es\/wordpress\/#website"},"breadcrumb":{"@id":"https:\/\/kochise.com.es\/wordpress\/la-olmeda-soria-en-imagenes-lugares-de-interes\/#breadcrumblist"},"author":{"@id":"https:\/\/kochise.com.es\/wordpress\/author\/ricardo-sanz-aguilera\/#author"},"creator":{"@id":"https:\/\/kochise.com.es\/wordpress\/author\/ricardo-sanz-aguilera\/#author"},"datePublished":"2018-10-06T09:50:26+01:00","dateModified":"2026-01-25T12:11:07+01:00"},{"@type":"WebSite","@id":"https:\/\/kochise.com.es\/wordpress\/#website","url":"https:\/\/kochise.com.es\/wordpress\/","name":"\u24c0\u24de\u24d2\u24d7\u24d8\u24e2\u24d4 \u06de","description":"\u2623 Freestyler - Ich poste, was ich mag und mich interessiert","inLanguage":"es-ES","publisher":{"@id":"https:\/\/kochise.com.es\/wordpress\/#organization"}}]},"og:locale":"es_ES","og:site_name":"\u24c0\u24de\u24d2\u24d7\u24d8\u24e2\u24d4     \u06de | \u2623 Freestyler - Ich poste, was ich mag und mich interessiert","og:type":"article","og:title":"La Olmeda (Soria), en im\u00e1genes. Lugares de inter\u00e9s | \u24c0\u24de\u24d2\u24d7\u24d8\u24e2\u24d4 \u06de","og:description":"La Olmeda (Soria), en im\u00e1genes. Lugares de inter\u00e9s. Informaci\u00f3n y repaso en im\u00e1genes a los lugares de inter\u00e9s de La Olmeda .","og:url":"https:\/\/kochise.com.es\/wordpress\/la-olmeda-soria-en-imagenes-lugares-de-interes\/","article:published_time":"2018-10-06T08:50:26+00:00","article:modified_time":"2026-01-25T11:11:07+00:00","twitter:card":"summary","twitter:title":"La Olmeda (Soria), en im\u00e1genes. Lugares de inter\u00e9s | \u24c0\u24de\u24d2\u24d7\u24d8\u24e2\u24d4 \u06de","twitter:description":"La Olmeda (Soria), en im\u00e1genes. Lugares de inter\u00e9s. Informaci\u00f3n y repaso en im\u00e1genes a los lugares de inter\u00e9s de La Olmeda ."},"aioseo_meta_data":{"post_id":"8812","title":"La Olmeda (Soria), en im\u00e1genes. Lugares de inter\u00e9s | #site_title","description":"La Olmeda (Soria), en im\u00e1genes. Lugares de inter\u00e9s. Informaci\u00f3n y repaso en im\u00e1genes a los lugares de inter\u00e9s de La Olmeda .","keywords":[{"label":"la olmeda","value":"la olmeda"},{"label":"soria","value":"soria"},{"label":"imagenes","value":"imagenes"},{"label":"lugares","value":"lugares"},{"label":"interes","value":"interes"},{"label":"puente de hierro","value":"puente de hierro"},{"label":"iglesia","value":"iglesia"},{"label":"fuente","value":"fuente"},{"label":"la zorra","value":"la zorra"},{"label":"adobe","value":"adobe"},{"label":"atalaya","value":"atalaya"},{"label":"el enebral","value":"el enebral"},{"label":"ojo","value":"ojo"},{"label":"videos","value":"videos"},{"label":"etnografia","value":"etnografia"}],"keyphrases":{"focus":{"keyphrase":"","score":0,"analysis":{"keyphraseInTitle":{"score":0,"maxScore":9,"error":1}}},"additional":[]},"primary_term":null,"canonical_url":null,"og_title":null,"og_description":null,"og_object_type":"default","og_image_type":"default","og_image_url":null,"og_image_width":null,"og_image_height":null,"og_image_custom_url":null,"og_image_custom_fields":null,"og_video":"","og_custom_url":null,"og_article_section":null,"og_article_tags":null,"twitter_use_og":false,"twitter_card":"default","twitter_image_type":"default","twitter_image_url":null,"twitter_image_custom_url":null,"twitter_image_custom_fields":null,"twitter_title":null,"twitter_description":null,"schema":{"blockGraphs":[],"customGraphs":[],"default":{"data":{"Article":[],"Course":[],"Dataset":[],"FAQPage":[],"Movie":[],"Person":[],"Product":[],"ProductReview":[],"Car":[],"Recipe":[],"Service":[],"SoftwareApplication":[],"WebPage":[]},"graphName":"Article","isEnabled":true},"graphs":[],"defaultGraph":"Article","defaultPostTypeGraph":""},"schema_type":"default","schema_type_options":"{\"article\":{\"articleType\":\"BlogPosting\"},\"course\":{\"name\":\"\",\"description\":\"\",\"provider\":\"\"},\"faq\":{\"pages\":[]},\"product\":{\"reviews\":[]},\"recipe\":{\"ingredients\":[],\"instructions\":[],\"keywords\":[]},\"software\":{\"reviews\":[],\"operatingSystems\":[]},\"webPage\":{\"webPageType\":\"WebPage\"}}","pillar_content":false,"robots_default":true,"robots_noindex":false,"robots_noarchive":false,"robots_nosnippet":false,"robots_nofollow":false,"robots_noimageindex":false,"robots_noodp":false,"robots_notranslate":false,"robots_max_snippet":"-1","robots_max_videopreview":"-1","robots_max_imagepreview":"large","priority":null,"frequency":"default","local_seo":null,"breadcrumb_settings":null,"limit_modified_date":false,"ai":{"faqs":[],"keyPoints":[],"titles":[],"descriptions":[],"socialPosts":{"email":[],"linkedin":[],"twitter":[],"facebook":[],"instagram":[]}},"created":"2020-12-29 13:17:31","updated":"2026-01-25 11:11:08","seo_analyzer_scan_date":null,"focus_keyword":null,"additional_keywords":null,"truseo_locale":null},"aioseo_breadcrumb":"<div class=\"aioseo-breadcrumbs\"><span class=\"aioseo-breadcrumb\">\n\t\t\t<a href=\"https:\/\/kochise.com.es\/wordpress\" title=\"Home\">Home<\/a>\n\t\t<\/span><span class=\"aioseo-breadcrumb-separator\">\u00bb<\/span><span class=\"aioseo-breadcrumb\">\n\t\t\t<a href=\"https:\/\/kochise.com.es\/wordpress\/category\/etnografia\/\" title=\"Etnograf\u00eda\">Etnograf\u00eda<\/a>\n\t\t<\/span><span class=\"aioseo-breadcrumb-separator\">\u00bb<\/span><span class=\"aioseo-breadcrumb\">\n\t\t\tLa Olmeda (Soria) en im\u00e1genes. Lugares de inter\u00e9s.\n\t\t<\/span><\/div>","aioseo_breadcrumb_json":[{"label":"Home","link":"https:\/\/kochise.com.es\/wordpress"},{"label":"Etnograf\u00eda","link":"https:\/\/kochise.com.es\/wordpress\/category\/etnografia\/"},{"label":"La Olmeda (Soria) en im\u00e1genes. Lugares de inter\u00e9s.","link":"https:\/\/kochise.com.es\/wordpress\/la-olmeda-soria-en-imagenes-lugares-de-interes\/"}],"_links":{"self":[{"href":"https:\/\/kochise.com.es\/wordpress\/wp-json\/wp\/v2\/posts\/8812","targetHints":{"allow":["GET"]}}],"collection":[{"href":"https:\/\/kochise.com.es\/wordpress\/wp-json\/wp\/v2\/posts"}],"about":[{"href":"https:\/\/kochise.com.es\/wordpress\/wp-json\/wp\/v2\/types\/post"}],"author":[{"embeddable":true,"href":"https:\/\/kochise.com.es\/wordpress\/wp-json\/wp\/v2\/users\/2"}],"replies":[{"embeddable":true,"href":"https:\/\/kochise.com.es\/wordpress\/wp-json\/wp\/v2\/comments?post=8812"}],"version-history":[{"count":92,"href":"https:\/\/kochise.com.es\/wordpress\/wp-json\/wp\/v2\/posts\/8812\/revisions"}],"predecessor-version":[{"id":41077,"href":"https:\/\/kochise.com.es\/wordpress\/wp-json\/wp\/v2\/posts\/8812\/revisions\/41077"}],"wp:attachment":[{"href":"https:\/\/kochise.com.es\/wordpress\/wp-json\/wp\/v2\/media?parent=8812"}],"wp:term":[{"taxonomy":"category","embeddable":true,"href":"https:\/\/kochise.com.es\/wordpress\/wp-json\/wp\/v2\/categories?post=8812"},{"taxonomy":"post_tag","embeddable":true,"href":"https:\/\/kochise.com.es\/wordpress\/wp-json\/wp\/v2\/tags?post=8812"}],"curies":[{"name":"wp","href":"https:\/\/api.w.org\/{rel}","templated":true}]}}