{"id":8940,"date":"2018-10-29T19:02:47","date_gmt":"2018-10-29T18:02:47","guid":{"rendered":"http:\/\/kochise.com.es\/wordpress\/?p=8940"},"modified":"2023-05-01T20:58:20","modified_gmt":"2023-05-01T19:58:20","slug":"la-olmeda-soria-referencias-documentales","status":"publish","type":"post","link":"https:\/\/kochise.com.es\/wordpress\/la-olmeda-soria-referencias-documentales\/","title":{"rendered":"La Olmeda (Soria). Referencias documentales."},"content":{"rendered":"<div class=\"su-heading su-heading-style-default su-heading-align-center\" id=\"\" style=\"font-size:20px;margin-bottom:30px\"><div class=\"su-heading-inner\"><strong>La Olmeda (Soria). Referencias documentales.<\/strong><\/div><\/div>\n<p><a href=\"http:\/\/www.ine.es\/prodyser\/pubweb\/censo_pecheros\/tomo1.pdf\" target=\"_blank\" rel=\"noopener noreferrer\"><img loading=\"lazy\" decoding=\"async\" class=\"alignnone\" src=\"http:\/\/img110.xooimage.com\/files\/3\/0\/b\/censopecherossoria-55376ed.png\" alt=\"\" width=\"1426\" height=\"747\" \/><\/a><\/p>\n<p><strong>REFERENCIAS DOCUMENTALES DE LA OLMEDA (SORIA)<br \/>\n<\/strong><\/p>\n<p style=\"text-align: justify;\">Se muestra el contenido de todas las referencias al pueblo de La Olmeda existentes en las diferentes fuentes documentales, desde los primeros registros hist\u00f3ricos existentes hasta la actualidad. Las principales fuentes hist\u00f3ricas documentales son los censos de poblaci\u00f3n y catastros elaborados en Espa\u00f1a con muy diversos fines. Estos registros sirven hoy para mostrar la evoluci\u00f3n de la sociedad a lo largo del tiempo, la distribuci\u00f3n de la poblaci\u00f3n y sus caracter\u00edsticas, su estado, ocupaci\u00f3n y la riqueza de cada zona.<\/p>\n<p style=\"text-align: justify;\">El volumen y nivel de complejidad de la informaci\u00f3n recogida por los censos ha variado a lo largo de los siglos desde la m\u00e1s simple a la m\u00e1s detallada, destacando en este aspecto el catastro del Marques de la Ensenada que se trata de una amplia evaluaci\u00f3n de la riqueza de los pueblos, aunque en \u00e9l figuren tambi\u00e9n datos de poblaci\u00f3n, del que elaborar\u00e9 entrada a parte para el caso de La Olmeda.<\/p>\n<p style=\"text-align: justify;\">Este trabajo no tiene intenci\u00f3n acad\u00e9mica alguna, sino meramente descriptiva. El resultado de esta b\u00fasqueda documental desde el S. XVI hasta nuestros d\u00edas es el siguiente:<br \/>\n<!--more--><\/p>\n<hr \/>\n<p>CENSOS DEL S.XVI<\/p>\n<p><span style=\"color: #800000; font-size: 12pt;\"><strong>El Censo de Pecheros de Carlos I &#8211; 1528<\/strong><\/span><\/p>\n<p style=\"text-align: justify;\">El <a href=\"http:\/\/www.ine.es\/prodyser\/pubweb\/censo_pecheros\/tomo2.pdf\" target=\"_blank\" rel=\"noopener noreferrer\">Censo de Pecheros de 1528<\/a> se trata de un recuento (1528-1536) al servicio de un impuesto (para repartir el &#8220;servicio de su Majestad&#8221;) del que estaban eximidos eclesi\u00e1sticos, hidalgos y nobles, aunque esta exenci\u00f3n no se aplicaba, entre otras, a la provincia de Soria. No registra la existencia en La Olmeda de <i>pecheros<\/i>, es decir unidades familiares que pagaban impuestos, de forma individualizada (Folio: 430 r\u00ba, N\u00ba Inscripci\u00f3n: 244).\u200b En el documento original manuscrito figura con el nombre de <strong>Olmedar<\/strong>, formando parte de las tierras de Osma y San Esteban de Gormaz, aunque espec\u00edficamente estaba integrada en la entidad tierras de Osma (La Ciudad de Osma y su tierra pertenec\u00edan al Se\u00f1or\u00edo del Marqu\u00e9s de Berlanga; San Esteban y la suya, al Duque de Calona), dentro de la Intendencia de Soria.<\/p>\n<p><img loading=\"lazy\" decoding=\"async\" class=\"alignnone size-medium\" src=\"http:\/\/img110.xooimage.com\/files\/c\/9\/1\/censodepecheros-1528-553c3ae.png\" width=\"885\" height=\"207\" \/><\/p>\n<p><span style=\"color: #800000; font-size: 12pt;\"><strong>Censo de los Obispos &#8211; 1587<\/strong><\/span><\/p>\n<p style=\"text-align: justify;\">En 1586, Felipe II orden\u00f3 a Francisco Gonz\u00e1lez de Heredia que comunicara una Real Orden a todos los Obispos de la Corona de Castilla por la cual deb\u00edan remitirle una relaci\u00f3n con todos los pueblos de sus respectivas di\u00f3cesis indicando el n\u00famero de vecinos feligreses (entre otras variables) de cada una de ellas, dando lugar a lo que conocemos como <em>Censo de los Obispos<\/em>. Tom\u00e1s Gonz\u00e1lez, el reorganizador del Archivo de Simancas tras la invasi\u00f3n napole\u00f3nica, <a href=\"https:\/\/bibliotecadigital.jcyl.es\/es\/catalogo_imagenes\/grupo.cmd?path=10071326\" target=\"_blank\" rel=\"noopener noreferrer\">public\u00f3 en 1821 un sucinto resumen<\/a> enumerando parroquias, pilas bautismales y vecinos, obviando otra informaci\u00f3n sobre profesiones, rentas, servicios e industrias locales. Junto al n\u00famero de pecheros, aparece por primera vez el de hidalgos y el de cl\u00e9rigos (todo el mundo era feligr\u00e9s, perteneciera al estado llano, noble o eclesi\u00e1stico).<\/p>\n<p>Censo de poblaci\u00f3n:<\/p>\n<p><img loading=\"lazy\" decoding=\"async\" class=\"aligncenter\" src=\"http:\/\/img110.xooimage.com\/files\/2\/5\/0\/censocastilla1594-553c7bd.png\" width=\"332\" height=\"202\" \/><\/p>\n<p>Relaci\u00f3n de pilas y vecinos:<\/p>\n<p><img loading=\"lazy\" decoding=\"async\" class=\"alignnone size-medium\" src=\"http:\/\/img110.xooimage.com\/files\/3\/0\/2\/censoobispos-1587-553c3b4.png\" width=\"866\" height=\"779\" \/><\/p>\n<p><span style=\"color: #800000; font-size: 12pt;\"><strong>Censo de los Millones &#8211; 1591<\/strong><\/span><\/p>\n<p style=\"text-align: justify;\">El Censo de la Corona de Castilla de 1591 es conocido por el <a href=\"http:\/\/www.ine.es\/prodyser\/pubweb\/censo_corona\/Censo_Corona_T2.pdf\" target=\"_blank\" rel=\"noopener noreferrer\">Censo de los Millones<\/a>. Como consecuencia del desastre de la Gran Armada, el rey Felipe II obtuvo de las Cortes de Castilla autorizaci\u00f3n para imponer un \u201cdonativo\u201d extraordinario de ocho millones de ducados, llev\u00e1ndose a cabo un ceno para su reparto. Este \u201cdonativo\u201d deb\u00eda recaer sobre todos los vecinos sin distinci\u00f3n de estados (s\u00f3lo estaba exenta de pagar la Orden mendicante de los Franciscanos, aunque no de participar en el c\u00f3mputo). Todos los vecinos deb\u00edan contar por igual, lo que no quiere decir que debieran pechar lo mismo.<\/p>\n<p><img loading=\"lazy\" decoding=\"async\" class=\"alignnone size-medium\" src=\"http:\/\/img110.xooimage.com\/files\/5\/e\/f\/millonesencabezamiento-553c562.png\" width=\"1479\" height=\"134\" \/><img loading=\"lazy\" decoding=\"async\" class=\"alignnone size-medium\" src=\"http:\/\/img110.xooimage.com\/files\/f\/7\/2\/millones_laolmeda-553c5a4.png\" width=\"1467\" height=\"310\" \/><\/p>\n<hr \/>\n<p>CENSOS Y CATASTROS DEL S. XVII<\/p>\n<p><strong><span style=\"color: #800000; font-size: 12pt;\">Censo de la Sal &#8211; 1631<\/span><br \/>\n<\/strong><\/p>\n<p style=\"text-align: justify;\">La sal era en el siglo XVII un producto de primera necesidad utilizado para condimentar y conservar los alimentos, para suplementar la alimentaci\u00f3n del ganado e incluso como antis\u00e9ptico. Se depositaba en los alfol\u00edes (lugares donde se almacenaba) que estaban distribuidos por toda la Corona. Adem\u00e1s, la sal era, entre otros (la pimienta, la goma de papel sellado, el aguardiente, etc.) un producto estanco, lo que significaba que la Corona pod\u00eda distribuir y fijar sus precios. Es consecuencia del establecimiento de un nuevo sistema impositivo sobre la sal, producto de primera necesidad cuyo monopolio pertenec\u00eda a la Corona. Su \u00e1mbito se circunscribe a los territorios peninsulares de la Corona de Castilla.<\/p>\n<p style=\"text-align: justify;\">El vecindario se form\u00f3 a partir de los datos obtenidos a lo largo de 1631, seg\u00fan consta en los documentos que los intendentes de cada Partido salinero enviaron al Consejo de la Sal. <span class=\"reference-text\">La Olmeda no aparece mencionada en el <a href=\"http:\/\/www.ine.es\/ss\/Satellite?L=es_ES&amp;c=INEPublicacion_C&amp;cid=1259947083134&amp;p=1254735110672&amp;pagename=ProductosYServicios%2FPYSLayout&amp;param1=PYSDetalleGratuitas\" target=\"_blank\" rel=\"noopener noreferrer\">Censo de la Sal<\/a>.<br \/>\n<\/span><\/p>\n<p><span style=\"color: #800000; font-size: 12pt;\"><strong>Vecindario de 1646<\/strong><\/span><\/p>\n<p style=\"text-align: justify;\"><span class=\"Apple-style-span\">En 1646 se ordena en cada poblaci\u00f3n del reino de Castilla se realice un mero recuento de sus vecinos, con objeto de realizar un reparto forzoso de <a href=\"https:\/\/es.wikipedia.org\/wiki\/Juros\" target=\"_blank\" rel=\"noopener noreferrer\">juros<\/a> reales que conformar\u00e1 el\u00a0<a href=\"http:\/\/pares.mcu.es\/ParesBusquedas\/servlets\/Control_servlet?accion=3&amp;txt_id_desc_ud=2223273&amp;fromagenda=N\" target=\"_blank\" rel=\"noopener noreferrer\"><span id=\"bold\">Vecindario de las ciudades, villas y lugares de la Corona de Castilla de 1646<\/span><\/a>. <\/span><\/p>\n<p style=\"text-align: justify;\">Las <a href=\"https:\/\/bscw.rediris.es\/pub\/bscw.cgi\/827601?op=preview&amp;back_url=815805\" target=\"_blank\" rel=\"noopener noreferrer\">poblaciones de Soria<\/a> se encuentran ampliamente representadas, aunque no en su totalidad, y <strong>en la certificaci\u00f3n de vecindad de La Olmeda se expresa una relaci\u00f3n nominal de los vecinos<\/strong>. <span class=\"Apple-style-span\">Conviene aclarar que el concepto de vecino, igual que en los anteriores censos, equivale al cabeza de familia de cada casa, generalmente hombre y en menor medida viudas o bien otras mujeres que por diversas circunstancias estuvieran al cargo de un hogar. De este modo la cifra total de habitantes tan solo puede estimarse aplicado un factor de 3 o 4 al n\u00famero de vecinos.<\/span><\/p>\n<p><img loading=\"lazy\" decoding=\"async\" class=\"alignnone \" src=\"http:\/\/img110.xooimage.com\/files\/e\/a\/d\/olmeda1-00000o5w-5609de2.jpg\" width=\"331\" height=\"479\" \/><img loading=\"lazy\" decoding=\"async\" class=\"alignnone \" src=\"http:\/\/img110.xooimage.com\/files\/4\/3\/0\/olmeda2-00000o42-5609de4.jpg\" width=\"324\" height=\"479\" \/><\/p>\n<p><span style=\"color: #800000; font-size: 12pt;\"><strong>Vecindario de 1693<\/strong><\/span><\/p>\n<p style=\"text-align: justify;\">Se trata de un vecindario realizado con fines militares referidos a las levas militares (dos por cada cien vecinos laicos y eclesi\u00e1sticos). No se trata de libros, son expedientes sueltos. No hay referencias a La Olmeda.<\/p>\n<hr \/>\n<p>CENSOS Y CATASTROS DEL S. XVIII<\/p>\n<p><span style=\"color: #800000; font-size: 12pt;\"><strong>Censo de Campoflorido &#8211; 1712<\/strong><\/span><\/p>\n<p style=\"text-align: justify;\">Para poner fin a la Guerra de Sucesi\u00f3n espa\u00f1ola (1701-1713), Felipe V orden\u00f3 la formaci\u00f3n de un vecindario incluyendo al estado noble, que las viudas contaran como medio vecino y que se excluyeran los cl\u00e9rigos, los pobres de solemnidad y los militares. Es el llamado <a href=\"https:\/\/www.ine.es\/ss\/Satellite?L=es_ES&amp;c=INEPublicacion_C&amp;cid=1259949888835&amp;p=1254735110672&amp;pagename=ProductosYServicios%2FPYSLayout&amp;param1=PYSDetalleGratuitas\" target=\"_blank\" rel=\"noopener noreferrer\">Censo de Campoflorido<\/a>, cuyo objetivo era un reparto m\u00e1s equitativo de los impuestos extraordinarios con que deb\u00edan sufragarse los gastos motivados por la guerra reci\u00e9n acabada. Por tratarse de un recuento de tipo fiscal, el \u00fanico dato que ofrece es el n\u00famero de &#8220;vecinos \u00fatiles&#8221;, es decir, los vecinos que ten\u00edan el deber de contribuir al pago del impuesto, en cuanto cabezas de hogar o familia.<\/p>\n<p><img loading=\"lazy\" decoding=\"async\" class=\"aligncenter\" src=\"http:\/\/img110.xooimage.com\/files\/f\/9\/c\/campoflorido-553d736.png\" width=\"436\" height=\"139\" \/><\/p>\n<p>La Olmeda no figura mencionada en este vecindario.<\/p>\n<p><span style=\"color: #800000; font-size: 12pt;\"><strong>Catastro del Marqu\u00e9s de la Ensenada de 1749-1756<\/strong><\/span><\/p>\n<p style=\"text-align: justify;\"><img loading=\"lazy\" decoding=\"async\" class=\"alignright\" src=\"https:\/\/historiadecovaleda.files.wordpress.com\/2012\/12\/interrogatorio.jpg\" width=\"179\" height=\"282\" \/>El <a href=\"https:\/\/es.wikipedia.org\/wiki\/Catastro_de_Ensenada\" target=\"_blank\" rel=\"noopener noreferrer\">Catastro del Marqu\u00e9s de la Ensenada<\/a> no se trata de un censo de poblaci\u00f3n, sino de una evaluaci\u00f3n de la riqueza de los pueblos, aunque en \u00e9l figuren datos de poblaci\u00f3n. La intenci\u00f3n al elaborar el catastro era simplificar el sistema de impuestos de la Corona de Castilla.<\/p>\n<p style=\"text-align: justify;\">El <a href=\"http:\/\/pares.mcu.es\/Catastro\/\" target=\"_blank\" rel=\"noopener noreferrer\">catastro<\/a> comenz\u00f3 a elaborarse en 1740 y las labores de recogida duraron hasta 1753. Se envi\u00f3 un &#8220;interrogatorio&#8221; de <a href=\"http:\/\/pares.mcu.es\/Catastro\/servlets\/ServletController?accion=2&amp;opcion=31b\" target=\"_blank\" rel=\"noopener noreferrer\">40 preguntas<\/a> a cada pueblo que los representantes de la justicia (normalmente el alcalde\u00a0acompa\u00f1ado de otras personalidades destacables) deb\u00edan responder bajo juramento. Los vecinos se distinguen en vecinos \u00fatiles, vecinos jornaleros, pobres de solemnidad, habitantes o transe\u00fantes, viudas y eclesi\u00e1sticos seculares.<\/p>\n<p><img loading=\"lazy\" decoding=\"async\" class=\"aligncenter\" src=\"http:\/\/img110.xooimage.com\/files\/8\/5\/7\/_ags_ce_rg_l587_019-17r-554d1a5.jpg\" width=\"442\" height=\"663\" \/><\/p>\n<p style=\"text-align: justify;\">Como resultado de la explotaci\u00f3n de las respuestas recogidas en el catastro podemos citar el Censo y el Vecindario de la Ensenada. El <a href=\"https:\/\/www.ine.es\/ss\/Satellite?L=0&amp;c=INEPublicacion_C&amp;cid=1259949891604&amp;p=1254735110672&amp;pagename=ProductosYServicios%2FPYSLayout&amp;param1=PYSDetalleGratuitas\" target=\"_blank\" rel=\"noopener noreferrer\">Censo<\/a> contiene los res\u00famenes provinciales de la poblaci\u00f3n clasificada por edad y clase (residentes hijos de familia menores de 18 a\u00f1os, vecinos de 18 a 60 a\u00f1os, vecinos mayores de esa edad, jornaleros transe\u00fantes, sirvientes, pobres de solemnidad, viudas y resto de personas del sexo femenino). El Vecindario ofrece datos de poblaci\u00f3n por municipios.<\/p>\n<p style=\"text-align: justify;\">El <a href=\"https:\/\/www.ine.es\/ss\/Satellite?L=0&amp;c=INEPublicacion_C&amp;cid=1259949891604&amp;p=1254735110672&amp;pagename=ProductosYServicios%2FPYSLayout&amp;param1=PYSDetalleGratuitas\" target=\"_blank\" rel=\"noopener noreferrer\">INE<\/a> ha publicado una reproducci\u00f3n de los documentos referidos a la poblaci\u00f3n, acompa\u00f1ado de un nomencl\u00e1tor de los pueblos rese\u00f1ados, la relaci\u00f3n por oficios manuales de sus habitantes y cartograf\u00eda que relaciona las antiguas intendencias con las modernas provincias.<\/p>\n<p><img loading=\"lazy\" decoding=\"async\" class=\"alignnone size-medium\" src=\"http:\/\/img110.xooimage.com\/files\/1\/f\/c\/catastro_ensenada_laolmeda-553ef9a.jpg\" width=\"1240\" height=\"544\" \/><img loading=\"lazy\" decoding=\"async\" class=\"alignnone size-medium\" src=\"http:\/\/img110.xooimage.com\/files\/0\/2\/2\/ine_ensenada_laolmeda-553efe7.png\" width=\"1158\" height=\"510\" \/><\/p>\n<p><a href=\"https:\/\/kochise.com.es\/wordpress\/la-olmeda-soria-en-el-catastro-del-marques-de-la-ensenada-respuestas-generales\/\" target=\"_blank\" rel=\"noopener\">La Olmeda (Soria) en el Catastro del Marques de la Ensenada: Respuestas generales<\/a>.<\/p>\n<p><span style=\"color: #800000; font-size: 12pt;\"><strong>Censo ganadero de la Corona de Castilla de 1752<\/strong><\/span><\/p>\n<p style=\"text-align: justify;\">Tomando como fuente el &#8216;<em>Censo Ganadero de la Corona de Castilla. A\u00f1o de 1752<\/em>&#8216; editado y publicado por el <a href=\"http:\/\/www.ine.es\/ss\/Satellite?L=0&amp;c=INEPublicacion_C&amp;cid=1259949892462&amp;p=1254735110672&amp;pagename=ProductosYServicios%2FPYSLayout&amp;param1=PYSDetalleGratuitas\" target=\"_blank\" rel=\"noopener noreferrer\">INE<\/a> que, a su vez, es una trascripci\u00f3n de los libros H de los Estados Generales realizados por la Junta de la \u00danica Contribuci\u00f3n en 1754. La obra del INE est\u00e1 estructurada tal como se recoge en los manuscritos originales, en dos vol\u00famenes en base a la propiedad de las ganader\u00edas (seglares y eclesi\u00e1sticos).<\/p>\n<p style=\"text-align: justify;\">El ganado que figura en el Censo no es, en realidad, un recuento de todas las cabezas existentes en el momento del realizar la operaci\u00f3n censal, sino s\u00f3lo el que es objeto de explotaci\u00f3n ganadera, y aun as\u00ed, no se incluye el llamado \u201cde corral\u201d, es decir, la avicultura y cunicultura.<\/p>\n<p><span style=\"text-decoration: underline;\">Ganader\u00edas de seglares<\/span>:<\/p>\n<p><img loading=\"lazy\" decoding=\"async\" class=\"alignnone size-medium\" src=\"http:\/\/img110.xooimage.com\/files\/0\/3\/7\/censoganadero_laolmeda-5544e12.png\" width=\"913\" height=\"402\" \/><\/p>\n<p><span style=\"text-decoration: underline;\">Ganader\u00edas de eclesi\u00e1sticos<\/span>:<\/p>\n<p><img loading=\"lazy\" decoding=\"async\" class=\"alignnone size-medium\" src=\"http:\/\/img110.xooimage.com\/files\/8\/0\/6\/censoganadero_laolmeda2-5544eae.png\" width=\"966\" height=\"457\" \/><\/p>\n<p style=\"text-align: justify;\"><span style=\"font-size: 8pt;\">Nomenclatura:<\/span><br \/>\n<span style=\"font-size: 8pt;\">\u2022 R<sup>s<\/sup> de V<sup>n<\/sup>: Reales de Vell\u00f3n.<\/span><br \/>\n<span style=\"font-size: 8pt;\">\u2022 Oro en Pt\/Ac: Estimaci\u00f3n en pesetas de 1994 del valor de los esquilmos calculados \u00e9stos por su conversi\u00f3n en oro.<\/span><br \/>\n<span style=\"font-size: 8pt;\">\u2022 Vecino: El n\u00famero de vecinos que figuran en estas relaciones se corresponden con los vecinos \u00fatiles que recoge el Catastro de la Ensenada de 1752, que no debe entenderse como un individuo, sino que se asemejar\u00eda m\u00e1s a lo que se conoce como cabeza de familia (en el caso del vecino seglar) y a la poblaci\u00f3n del clero (como vecino eclesi\u00e1stico) que incluir\u00eda a los seglares a su servicio.<\/span><\/p>\n<p><span style=\"color: #800000; font-size: 12pt;\"><strong>Censo de Aranda de 1769<\/strong><\/span><\/p>\n<p style=\"text-align: justify;\">En 1768 Pedro Pablo de Abarca, Conde de Aranda, bajo las \u00f3rdenes de Carlos III dicta la Carta-Orden que dispone la realizaci\u00f3n del primer Censo de habitantes de Espa\u00f1a &#8220;<em>para establecer un justo equilibrio en las obligaciones a que concurren y para promover ideas \u00fatiles al Estado, seg\u00fan los sexos y edades<\/em>&#8220;. Encomend\u00f3 esta operaci\u00f3n a los obispos, que a su vez confiaron la obtenci\u00f3n de los datos locales a los p\u00e1rrocos.<\/p>\n<p style=\"text-align: justify;\">Cada p\u00e1rroco deb\u00eda cumplimentar una plantilla (formulario) con datos resumidos de los feligreses. Se les requiri\u00f3 que indicaran en dicho formulario las circunstancias personales de todos los habitantes adscritos: edad (hasta 7, 16, 25, 40, 50 y mayores de 50 a\u00f1os), sexo y estado civil (no singulariza a los viudos, que incluye, por lo general, con los solteros), aportando tambi\u00e9n informaci\u00f3n complementaria del n\u00famero de &#8220;exentos&#8221; por su condici\u00f3n de: Hidalgu\u00eda, Real Servicio, Real Hacienda, Cruzada e Inquisici\u00f3n; y la enumeraci\u00f3n de eclesi\u00e1sticos y sirvientes de Iglesia, y de los Hospitales. Para evitar la ocultaci\u00f3n de datos y la falta de respuesta en este censo se estableci\u00f3 la prohibici\u00f3n de hacer p\u00fablicos los datos individuales (bajo secreto de confesi\u00f3n). Los resultados del Censo de Aranda (1769), veinte a\u00f1os despu\u00e9s, se publicaron en un resumen por obispados.<\/p>\n<p style=\"text-align: justify;\">Los estadillos originales enviados se han perdido en su mayor\u00eda, entre ellos los del obispado de Osma. En el mismo S. XVIII, la Real Academia de la Historia orden\u00f3 la copia mediante <a href=\"http:\/\/img110.xooimage.com\/files\/6\/c\/3\/impreso_transcrip...e-aranda-554136d.jpg\" target=\"_blank\" rel=\"noopener noreferrer\" rel=\"lightbox[8940]\">transcripci\u00f3n<\/a> de la documentaci\u00f3n recabada, copia que el INE reproduce en <a href=\"https:\/\/www.ine.es\/ss\/Satellite?L=es_ES&amp;c=INEPublicacion_C&amp;cid=1259942865759&amp;p=1254735110672&amp;pagename=ProductosYServicios%2FPYSLayout&amp;param1=PYSDetalleGratuitas\" target=\"_blank\" rel=\"noopener noreferrer\">edici\u00f3n facs\u00edmil<\/a>.<\/p>\n<p>En el <a href=\"https:\/\/www.ine.es\/prodyser\/pubweb\/censo_aranda\/tomo6.pdf\" target=\"_blank\" rel=\"noopener noreferrer\">Tomo VI<\/a> se encuentran los datos de La Olmeda.<\/p>\n<p><img loading=\"lazy\" decoding=\"async\" class=\"alignnone size-medium\" src=\"http:\/\/img110.xooimage.com\/files\/2\/9\/5\/laolmeda_censoaranda-55411b8.png\" width=\"1453\" height=\"721\" \/><\/p>\n<p style=\"text-align: justify;\"><span style=\"font-size: 8pt;\">Nota: En el ep\u00edgrafe I (Eclesi\u00e1sticos y sirvientes de iglesia) se incluyen curas, tenientes, ordenados, di\u00e1conos y tonsurados, pero no a mayordomos de f\u00e1brica, sacristanes y monaguillos a los que se consideran incluidos en las celdas generales. Las incidencias que indican los p\u00e1rrocos son frecuentes. A veces se\u00f1alan que los eclesi\u00e1sticos y sacristanes est\u00e1n incluidos en el total general y otras no los incluyen.<\/span><\/p>\n<p><span style=\"color: #800000; font-size: 12pt;\"><strong>Diccionario geogr\u00e1fico de Espa\u00f1a de D. Tom\u00e1s L\u00f3pez de 1772<\/strong><\/span><\/p>\n<p style=\"text-align: justify;\">No lleg\u00f3 a publicarse.\u00a0Manuscrito en la Biblioteca Nacional. Este excelente cart\u00f3grafo recogi\u00f3 la informaci\u00f3n proporcionada por los curas p\u00e1rrocos de la zona. Los mapas que acompa\u00f1an al texto los levantaron los propios p\u00e1rrocos. No se conocen datos para La Olmeda.<\/p>\n<p><span style=\"color: #800000; font-size: 12pt;\"><strong>Censo de Floridablanca de 1787<\/strong><\/span><\/p>\n<p style=\"text-align: justify;\"><img loading=\"lazy\" decoding=\"async\" class=\" alignright\" src=\"https:\/\/encrypted-tbn0.gstatic.com\/images?q=tbn:ANd9GcQV9afWwG0_JcnV87KJifkmtL-5FR0wTgWyjitW7LX0rW3u61IucQ\" width=\"197\" height=\"198\" \/>Se conoce como Censo de Floridablanca al que mand\u00f3 elaborar Jos\u00e9 Mo\u00f1ino y Redondo, Conde de Floridablanca, en 1786 y que se ejecut\u00f3 en 1787. Este censo se caracteriz\u00f3 por facilitar informaci\u00f3n acerca de la estructura de poblaci\u00f3n por sexo, edad y estado civil (incluyendo a los viudos), junto con una clasificaci\u00f3n econ\u00f3mica para la totalidad de las localidades espa\u00f1olas. La obtenci\u00f3n de datos se encomend\u00f3 a las autoridades civiles, ayudadas por el clero. Previo a la elaboraci\u00f3n del censo en s\u00ed, se confeccion\u00f3 un inventario de todos los pueblos de Espa\u00f1a (Nomencl\u00e1tor de Floridablanca) que servir\u00eda como gu\u00eda y control en los trabajos de recopilaci\u00f3n de los datos censales.<\/p>\n<p><img loading=\"lazy\" decoding=\"async\" class=\"alignnone size-medium\" src=\"http:\/\/img110.xooimage.com\/files\/3\/b\/f\/floridablanca_ent...spueblos-5545011.png\" width=\"1293\" height=\"309\" \/><\/p>\n<p style=\"text-align: justify;\">El <a href=\"http:\/\/www.ine.es\/ss\/Satellite?L=0&amp;c=INEPublicacion_C&amp;cid=1259949437001&amp;p=1254735110672&amp;pagename=ProductosYServicios%2FPYSLayout&amp;param1=PYSDetalleGratuitas\" target=\"_blank\" rel=\"noopener noreferrer\">INE<\/a> ha publicado una trascripci\u00f3n por pueblos de acuerdo a la documentaci\u00f3n localizada en el Archivo de la Real Academia de la Historia, Biblioteca del Palacio Real, Biblioteca Nacional y otros archivos provinciales.<\/p>\n<p><img loading=\"lazy\" decoding=\"async\" class=\"alignnone size-medium\" src=\"http:\/\/img110.xooimage.com\/files\/5\/2\/7\/caracteristicasad...laolmeda-5544bf7.png\" width=\"1024\" height=\"641\" \/><\/p>\n<p>Las <span style=\"text-decoration: underline;\">caracter\u00edsticas administrativas<\/span> de La Olmeda:<br \/>\n\u2022 P\u00e1gina en el Nomencl\u00e1tor de 1787: 324.<br \/>\n\u2022 Categor\u00eda: Lugar (L).<br \/>\n\u2022 Autoridad: Alcalde ped\u00e1neo (AP).<br \/>\n\u2022 Jurisdicci\u00f3n: Se\u00f1or\u00edo secular (SS).<br \/>\n\u2022 Intendencia: Soria (SOR).<br \/>\n\u2022 Partido: Osma (OSM).<\/p>\n<p><span style=\"text-decoration: underline;\">Clasificaci\u00f3n por estado civil, edad y sexo<\/span>:<\/p>\n<p><img loading=\"lazy\" decoding=\"async\" class=\"alignnone \" src=\"http:\/\/img110.xooimage.com\/files\/f\/2\/d\/laolmeda_floridablanca-2--55415da.png\" width=\"170\" height=\"360\" \/>\u00a0 <img loading=\"lazy\" decoding=\"async\" class=\"alignnone \" src=\"http:\/\/img110.xooimage.com\/files\/3\/e\/8\/clasificacionocup...laolmeda-5544d2b.png\" width=\"474\" height=\"375\" \/><\/p>\n<p>La poblaci\u00f3n total de La Olmeda se establece en 35 habitantes y su <span style=\"text-decoration: underline;\">clasificaci\u00f3n por ocupaciones<\/span>:<br \/>\n\u2022 Sacristanes: 1<br \/>\n\u2022 Labradores: 7<br \/>\n\u2022 Jornaleros: 3<br \/>\n\u2022 Criados: 2<br \/>\n\u2022 Menores y sin prof. especif: 22<\/p>\n<p style=\"text-align: justify;\">Como resumen, en este censo La Olmeda figuraba como lugar del Partido de Osma en la Intendencia de Soria, con jurisdicci\u00f3n de se\u00f1or\u00edo y bajo la autoridad de Alcalde Ped\u00e1neo, nombrado por el Duque de Uceda. Contaba entonces con 35 habitantes.<\/p>\n<p><span style=\"color: #800000; font-size: 12pt;\"><strong>Memorias Pol\u00edticas y Econ\u00f3micas &#8211; Larruga (1792)<\/strong><\/span><\/p>\n<p style=\"text-align: justify;\">En la descripci\u00f3n del trayecto del r\u00edo Ucero, Eugenio Larruga en &#8220;<a href=\"https:\/\/books.google.es\/books?id=GzSdC6kkGusC&amp;pg=PA143&amp;dq=escalote&amp;hl=es&amp;sa=X&amp;ved=2ahUKEwjmvvS_tpb5AhVD0IUKHb7zDQM4HhDoAXoECAkQAg#v=onepage&amp;q=olmeda&amp;f=false\" target=\"_blank\" rel=\"noopener\"><em>Memorias Pol\u00edticas y Econ\u00f3micas sobre los frutos, comercio, f\u00e1bricas y minas de Espa\u00f1a<\/em><\/a>&#8220;, Tomo XXI, publicado en 1792, hace referencia en una nota a pie de p\u00e1gina al <em>infeliz<\/em> lugar de La Olmeda de Soria.<\/p>\n<p><img loading=\"lazy\" decoding=\"async\" class=\"aligncenter\" src=\"https:\/\/dl.dropboxusercontent.com\/s\/ujuineq0qgco6zd\/La-Olmeda-Larruga-1792.png\" width=\"572\" height=\"101\" \/><\/p>\n<p><span style=\"color: #800000; font-size: 12pt;\"><strong>Censo de Godoy &#8211; Larruga de 1797<\/strong><\/span><\/p>\n<p style=\"text-align: justify;\">Publicado con el t\u00edtulo <i>Censo de la poblaci\u00f3n de Espa\u00f1a de el a\u00f1o 1797<\/i>. Manuel Godoy hacia 1796 decide formar un nuevo censo, al que se conocera como Censo de Godoy. Se realiz\u00f3, como el de Floridablanca, por intendencias y sus resultados se tabularon y publicaron en 1801. Debido a la animadversi\u00f3n hacia Godoy desaparecieron los documentos originales de este censo. No se han encontrado nunca los padrones originales, por lo que \u00fanicamente se tienen datos de los res\u00famenes provinciales que se publicaron en 1801. Existe una edici\u00f3n faximil en el <a href=\"http:\/\/www.ine.es\/ss\/Satellite?L=0&amp;c=INEPublicacion_C&amp;cid=1259924879640&amp;p=1254735110672&amp;pagename=ProductosYServicios%2FPYSLayout&amp;param1=PYSDetalleGratuitas\" target=\"_blank\" rel=\"noopener noreferrer\">INE<\/a>.<\/p>\n<div style=\"text-align: justify;\">La Olmeda aparece en la &#8216;<em>Relaci\u00f3n de las ciudades, villas, lugares, aldeas, granjas, cotos redondos, cortijos y despoblados de Espa\u00f1a, y sus islas adyacentes<\/em>&#8216; (Es la relaci\u00f3n de pueblos tomada del primer tomo del Nomencl\u00e1tor de Floridablanca publicado poco antes y que conten\u00eda todos los pueblos de Espa\u00f1a, el primero por intendencias y el segundo alfab\u00e9tico). No se dispone de las relaciones originales de los intendentes.<\/div>\n<p><img loading=\"lazy\" decoding=\"async\" class=\"aligncenter\" src=\"http:\/\/img110.xooimage.com\/files\/8\/0\/2\/godoy_laolmeda-554509a.png\" width=\"250\" height=\"253\" \/><\/p>\n<hr \/>\n<p>REGISTROS DOCUMENTALES DEL S. XIX<\/p>\n<h1 class=\"valor\"><span style=\"color: #800000; font-size: 12pt;\"><span class=\"rrr\">Diccionario<\/span> <span class=\"rrr\">geogr\u00e1fico-<\/span><span class=\"rrr\">estad\u00edstico<\/span> de <span class=\"rrr\">Espa\u00f1a<\/span> y <span class=\"rrr\">Portugal<\/span> de Sebasti\u00e1n Mi\u00f1ano (1827)<\/span><\/h1>\n<p style=\"text-align: justify;\">Sebasti\u00e1n Mi\u00f1ano public\u00f3 entre 1826 y 1829 su obra <a href=\"https:\/\/bibliotecadigital.jcyl.es\/es\/consulta\/registro.cmd?id=714\" target=\"_blank\" rel=\"noopener noreferrer\"><em>Diccionario geogr\u00e1fico-estad\u00edstico de Espa\u00f1a y Portugal<\/em><\/a>\u00a0 que le sirvi\u00f3 para ser nombrado miembro de la Academia de la Historia. El trabajo de Mi\u00f1ano no es fruto de la comprobaci\u00f3n <em>in situ<\/em> del territorio, sino el resultado de una labor de gabinete, mediante el despliegue de una ampl\u00edsima red de corresponsales \u2013en su mayor\u00eda, curas p\u00e1rrocos\u2014 en todo el territorio peninsular e insular que, mediante un cuestionario, como anteriormente hab\u00eda hecho Tom\u00e1s L\u00f3pez, le informan acerca de los aspectos de su inter\u00e9s en cada localidad o de determinados accidentes geogr\u00e1ficos. La recopilaci\u00f3n de datos tuvo lugar entre 1822 y 1826.<\/p>\n<p>\u2022 En el <a href=\"https:\/\/bibliotecadigital.jcyl.es\/es\/catalogo_imagenes\/grupo.cmd?path=10066038\" target=\"_blank\" rel=\"noopener noreferrer\">Tomo VI<\/a>\u00a0 aparece la <span style=\"text-decoration: underline;\">referencia directa<\/span> a La Olmeda:<\/p>\n<p><img loading=\"lazy\" decoding=\"async\" class=\"aligncenter\" src=\"http:\/\/img110.xooimage.com\/files\/c\/3\/1\/laolmeda_mi-ano-5546140.jpg\" width=\"467\" height=\"277\" \/><\/p>\n<p style=\"text-align: justify;\">\u2022 No hay que olvidar que en La Olmeda estaba la sede de la instituci\u00f3n medieval de la Junta de las Tres Casas de La Olmeda (San Esteban, Osma y Gormaz), as\u00ed que hay una <span style=\"text-decoration: underline;\">referencia indirecta<\/span> al referirse a la &#8216;<em>casa llamada de las Tres Jurisdicciones<\/em>&#8216;:<\/p>\n<p style=\"text-align: justify;\">Sobre Osma (p\u00e1g. 362): \u201c<em>Aqui esta la efigie dei condestable de Castilla Fernan Gonzalez que alcanz\u00f3 grandes victorias contra los moros especialmente en esta ciudad en San Esteban y en Gormaz por lo que las fueron concedidas muchos privilesios. El dia 1.\u00ba de mayo de cada a\u00f1o se juntan los tres ayuntamientos en la casa llamada de las Tres Jurisdicciones<\/em>\u201c.<\/p>\n<p><span style=\"color: #800000; font-size: 12pt;\"><strong>Censo de 1842<\/strong><\/span><\/p>\n<p style=\"text-align: justify;\">Este es el primer censo, y la primera publicaci\u00f3n, en el que aparecen relacionados todos los municipios espa\u00f1oles. En la edici\u00f3n del INE, <a href=\"http:\/\/www.ine.es\/ss\/Satellite?L=es_ES&amp;c=INEPublicacion_C&amp;cid=1259924883753&amp;p=1254735110672&amp;pagename=ProductosYServicios%2FPYSLayout&amp;param1=PYSDetalleGratuitas\" target=\"_blank\" rel=\"noopener noreferrer\">Publicaciones imputadas en la primera mitad del S. XIX<\/a>, aparecen los datos registrados para La Olmeda:<\/p>\n<p><img loading=\"lazy\" decoding=\"async\" class=\"alignnone size-medium\" src=\"http:\/\/img110.xooimage.com\/files\/0\/0\/3\/laolmeda-censo1842-5546077.png\" width=\"1172\" height=\"526\" \/><\/p>\n<p style=\"text-align: justify;\">A la ca\u00edda del Antiguo R\u00e9gimen la localidad de constituye en municipio constitucional en la regi\u00f3n de Castilla la Vieja contando en el censo de 1842 con 10 hogares y 42 vecinos, para posteriormente integrarse en Osma. Por esta integraci\u00f3n, en censos posteriores ya no van a publicarse datos desagregados de La Olmeda, sino como dato \u00fanico integrado en los de Osma.<\/p>\n<p><span style=\"color: #800000; font-size: 12pt;\"><strong>Diccionario geogr\u00e1fico-estad\u00edstico-hist\u00f3rico de Espa\u00f1a y sus posesiones de Ultramar (Diccionario Madoz) &#8211; 1849<\/strong><\/span><\/p>\n<p style=\"text-align: justify;\">La obra <a href=\"https:\/\/bibliotecadigital.jcyl.es\/es\/consulta\/registro.cmd?id=16877\" target=\"_blank\" rel=\"noopener noreferrer\"><em>Diccionario geogr\u00e1fico-estad\u00edstico-hist\u00f3rico de Espa\u00f1a y sus posesiones de Ultramar<\/em><\/a> publicada por Pascual Madoz entre 1845 y 1850 est\u00e1 compuesta por diecis\u00e9is vol\u00famenes es una importante obra de referencia para conocer a trav\u00e9s de sus amplias descripciones el modo de vida de sus contempor\u00e1neos y lo que hab\u00eda en todas las poblaciones de Espa\u00f1a en esos tiempos. Supone una mejora importante respecto a la obra publicada en 1829 por Sebasti\u00e1n Mi\u00f1ano.<\/p>\n<p>Datos de la localidad en el Tomo XII, p\u00e1g. 248::<\/p>\n<p><img loading=\"lazy\" decoding=\"async\" class=\"size-medium aligncenter\" src=\"http:\/\/img110.xooimage.com\/files\/8\/a\/7\/laolmeda_madoz-5546596.jpg\" width=\"512\" height=\"431\" \/><\/p>\n<p style=\"text-align: justify;\">D. <a href=\"https:\/\/books.google.es\/books?id=DblGAAAAcAAJ&amp;pg=PA291&amp;dq=Eusebio+Campuzano+escenas+contemporaneas&amp;hl=es&amp;newbks=1&amp;newbks_redir=0&amp;sa=X&amp;ved=2ahUKEwjI2Lbqr9T-AhVJUKQEHUeyBN0Q6AF6BAgaEAI#v=onepage&amp;q=Eusebio%20Campuzano%20escenas%20contemporaneas&amp;f=false\" target=\"_blank\" rel=\"noopener\">Eusebio Campuzano<\/a>, Dean de la Santa Iglesia Catedral de Osma, facilit\u00f3 los art\u00edculos de la catedral, pueblo y partido de El Burgo de Osma. <em>La abundancia y exactitud de las noticias, el acierto y celo con que fueron recogidas, merecieron los elogios del digno director de aquella obra<\/em>.<\/p>\n<p><span style=\"color: #800000; font-size: 12pt;\"><strong>Nomenclator de Manuel Blasco &#8211; 1880<\/strong><\/span><\/p>\n<p style=\"text-align: justify;\">El <a href=\"http:\/\/bdh.bne.es\/bnesearch\/detalle\/bdh0000001573\" target=\"_blank\" rel=\"noopener noreferrer\"><em>Nomenclator historico, geogr\u00e1fico estadistico y descriptivo de la provincia de Soria<\/em><\/a> de <a href=\"http:\/\/diariodelahistoriasoriana.blogspot.com\/2016\/10\/12101833-nace-manuel-blasco-jimenez.html\" target=\"_blank\" rel=\"noopener noreferrer\">Manuel Blasco Jimenez<\/a> se trata de una recopilaci\u00f3n &#8220;<em>de lo m\u00e1s saliente de las propiedades e historia de nuestros pueblos<\/em>&#8220;. En \u00e9l se determinan los nombres de los pueblos de Soria, su historia, posici\u00f3n topogr\u00e1fica, minas, canteras y cuevas, l\u00edmites, montes, r\u00edos, fuentes y arroyos, producciones, iglesias y ermitas \u00f3 santuarios, establecimientos de ense\u00f1anza y dotaci\u00f3n de los mismos, distancia entre ellos y la Capital, etc.<\/p>\n<p><img loading=\"lazy\" decoding=\"async\" class=\"size-medium aligncenter\" src=\"http:\/\/img110.xooimage.com\/files\/0\/1\/9\/screenshot-2018-1...-xeles-2-55487b3.png\" width=\"635\" height=\"2122\" \/><\/p>\n<p style=\"text-align: justify;\">En su <a href=\"https:\/\/bibliotecadigital.jcyl.es\/es\/consulta\/registro.cmd?id=663\" target=\"_blank\" rel=\"noopener noreferrer\">segunda edici\u00f3n<\/a>, de 1909, se actualizar\u00e1n los datos demogr\u00e1ficos y se a\u00f1adir\u00e1 el \u00faltimo p\u00e1rrafo con referencia a la infancia del autor que no figuraba en la edici\u00f3n original de 1880.<\/p>\n<hr \/>\n<p><span style=\"color: #800000; font-size: 12pt;\"><strong>Art\u00edculo <em>Fern\u00e1n Gonz\u00e1lez tiene los ojos tristes\u2026 (La Olmeda, la Guernika Soriana)<\/em>.<\/strong><\/span><br \/>\n<span style=\"color: #800000; font-size: 12pt;\"><strong>Antonio RUIZ VEGA (1990). Soria Semanal, 30 de octubre, pp. 6-7.<\/strong><\/span><\/p>\n<p style=\"text-align: justify;\">Habr\u00e1 que esperar 80 a\u00f1os hasta encontrar una referencia significativa de La Olmeda en la bibliograf\u00eda publicada sobre la provincia de Soria. En ninguno de los tres libros de viajes de referencia de autores sorianos, &#8216;<em>Gu\u00eda de Soria y su provincia<\/em>&#8216; de Blas Taracena y Jos\u00e9 Tudela (1968), &#8216;<em>Soria y su provincia. Gu\u00eda tur\u00edstica<\/em>&#8216;\u00a0 por Jos\u00e9 Antonio P\u00e9rez-Rioja (1970) y &#8216;<em>Soria<\/em>&#8216; de J.A. Gaya Nu\u00f1o y Concha de Marco (1989), aparece citada.<\/p>\n<p style=\"text-align: justify;\">Este magn\u00edfico art\u00edculo etnogr\u00e1fico de Antonio Ruiz Vega, ya en \u00e9pocas modernas tomando como base la historia de <strong>La Olmeda<\/strong> como sede de la Junta de las Tres Casas, instituci\u00f3n medieval de aprovechamiento de una comunidad de tierra y villa por San Esteban, Osma y Gormaz, ha merecido por si mismo una <a href=\"http:\/\/kochise.com.es\/wordpress\/fernan-gonzalez-tiene-los-ojos-tristes-la-olmeda-la-gernika-soriana\/\" target=\"_blank\" rel=\"noopener noreferrer\">entrada propia<\/a> en este blog. En ella se puede consular el art\u00edculo original s\u00f3lo disponible, en otro caso, en la Hemeroteca Hist\u00f3rica de la Biblioteca Municipal de Soria.<\/p>\n<hr \/>\n<p><span style=\"color: #800000;\"><strong>P\u00c1GINAS WEB CON REFERENCIAS A LA OLMEDA<\/strong><\/span><\/p>\n<p>&#8211; <a href=\"https:\/\/es.wikipedia.org\/wiki\/La_Olmeda_(Soria)\" target=\"_blank\" rel=\"noopener noreferrer\">La Olmeda (Soria) en Wikipedia<\/a>.<br \/>\n\u2013 <a href=\"http:\/\/palomatorrijos.blogspot.com\/2011\/11\/la-olmeda-soria.html\" target=\"_blank\" rel=\"noopener noreferrer\">La Olmeda. Soria (Blog de Paloma Torrijos)<\/a>.<br \/>\n&#8211; <a href=\"http:\/\/www.todopueblos.com\/la-olmeda-soria\/fotos\/\" target=\"_blank\" rel=\"noopener noreferrer\">Fotos de La Olmeda (todopueblos.com)<\/a>.<br \/>\n\u2013 <a href=\"http:\/\/palomatorrijos.blogspot.com\/2018\/03\/las-tres-casas-de-la-olmeda-soria.html\" target=\"_blank\" rel=\"noopener noreferrer\">Las Tres Casas de la Olmeda. Soria (Blog de Paloma Torrijos)<\/a>.<br \/>\n\u2013 <a href=\"https:\/\/historiadecovaleda.wordpress.com\/2014\/11\/20\/sobre-las-antiguas-instituciones-populares-de-castilla-iv\/\" target=\"_blank\" rel=\"noopener noreferrer\">Sobre las antiguas instituciones populares de Castilla \u2013 IV (Blog Historia de Covaleda)<\/a>.<br \/>\n\u2013 Mismo que anterior pero en <a href=\"https:\/\/is.gd\/jYbRAD\" target=\"_blank\" rel=\"noopener noreferrer\">foroscastilla.org<\/a>.<br \/>\n\u2013 No hay rese\u00f1a entre los pueblos visitados por <a href=\"http:\/\/soria-goig.com\/Pueblos\/pag_0500a.htm\" target=\"_blank\" rel=\"noopener noreferrer\">soria-goig.com<\/a>.<\/p>\n<p>Lo m\u00e1s recientemente encontrado (2016) es un art\u00edculo en el blog de Alberto Ortega Carazo, <a href=\"https:\/\/casaslaolmeda.blogspot.com\/\" target=\"_blank\" rel=\"noopener noreferrer\"><em>Las casas de La Olmeda<\/em><\/a>, con comentario de F\u00e9lix Ortega Vallejo:<\/p>\n<p><a class=\"http:\/\/img110.xooimage.com\/files\/5\/6\/a\/lacasadelaabuela_la-olmeda-5549c30.png\" href=\"https:\/\/web.archive.org\/web\/20181122013135\/https:\/\/casaslaolmeda.blogspot.com\/\" target=\"_blank\" rel=\"noopener noreferrer\"><img loading=\"lazy\" decoding=\"async\" class=\"alignnone\" src=\"https:\/\/dl.dropboxusercontent.com\/s\/81uswpftfu6vduq\/casaslaolmeda.blogspot.com.png\" alt=\"\" width=\"635\" height=\"1896\" \/><\/a><\/p>\n<p>&nbsp;<\/p>\n","protected":false},"excerpt":{"rendered":"<p>REFERENCIAS DOCUMENTALES DE LA OLMEDA (SORIA) Se muestra el contenido de todas las referencias al pueblo de La Olmeda existentes en las diferentes fuentes documentales, desde los primeros registros hist\u00f3ricos existentes hasta la actualidad. Las principales fuentes hist\u00f3ricas documentales son &hellip; <a href=\"https:\/\/kochise.com.es\/wordpress\/la-olmeda-soria-referencias-documentales\/\">Continue reading <span class=\"meta-nav\">&rarr;<\/span><\/a><\/p>\n","protected":false},"author":2,"featured_media":0,"comment_status":"open","ping_status":"open","sticky":false,"template":"","format":"standard","meta":{"_exactmetrics_skip_tracking":false,"footnotes":""},"categories":[737],"tags":[765,808,801,797,796,806,803,804,807,798,800,772,762,809,802,769,760,811,813,799,824,810,812,823,761,764,805],"class_list":["post-8940","post","type-post","status-publish","format-standard","hentry","category-etnografia","tag-antonio-ruiz-vega","tag-aranda","tag-campoflorido","tag-catastro","tag-censo","tag-censo-de-la-sal","tag-censo-de-los-obispos","tag-censo-de-pecheros","tag-censo-ganadero","tag-documentos","tag-ensenada","tag-etnografia","tag-fernan-gonzalez","tag-floridablanca","tag-godoy","tag-historia","tag-la-olmeda","tag-madoz","tag-manuel-blasco","tag-marques","tag-marques-de-la-ensenada","tag-minano","tag-nomenclator","tag-olmeda","tag-soria","tag-soria-semanal","tag-vecindario"],"aioseo_notices":[],"aioseo_head":"\n\t\t<!-- All in One SEO 5.0.1.1 - aioseo.com -->\n\t<meta name=\"description\" content=\"REFERENCIAS DOCUMENTALES DE LA OLMEDA (SORIA). Se muestra el contenido de todas las referencias al pueblo de La Olmeda existentes en las diferentes fuentes documentales, desde los primeros registros hist\u00f3ricos existentes hasta la actualidad.\" \/>\n\t<meta name=\"robots\" content=\"max-image-preview:large\" \/>\n\t<meta name=\"author\" content=\"Ricardo Sanz\"\/>\n\t<meta name=\"keywords\" content=\"olmeda,marques de la ensenada,la olmeda,soria,censo,catastro,historia,documentos,marques,ensenada,campoflorido,godoy,censo de los obispos,censo de pecheros,vecindario,censo de la sal,censo ganadero,aranda,floridablanca,mi\u00f1ano,madoz,nomenclator,manuel blasco,antonio ruiz vega,fernan gonzalez,soria semanal,etnografia,etnograf\u00eda\" \/>\n\t<link rel=\"canonical\" href=\"https:\/\/kochise.com.es\/wordpress\/la-olmeda-soria-referencias-documentales\/\" \/>\n\t<meta name=\"generator\" content=\"All in One SEO (AIOSEO) 5.0.1.1\" \/>\n\t\t<meta property=\"og:locale\" content=\"es_ES\" \/>\n\t\t<meta property=\"og:site_name\" content=\"\u24c0\u24de\u24d2\u24d7\u24d8\u24e2\u24d4     \u06de | \u2623 Freestyler - Ich poste, was ich mag und mich interessiert\" \/>\n\t\t<meta property=\"og:type\" content=\"article\" \/>\n\t\t<meta property=\"og:title\" content=\"La Olmeda (Soria). Referencias documentales. | \u24c0\u24de\u24d2\u24d7\u24d8\u24e2\u24d4 \u06de\" \/>\n\t\t<meta property=\"og:description\" content=\"REFERENCIAS DOCUMENTALES DE LA OLMEDA (SORIA). Se muestra el contenido de todas las referencias al pueblo de La Olmeda existentes en las diferentes fuentes documentales, desde los primeros registros hist\u00f3ricos existentes hasta la actualidad.\" \/>\n\t\t<meta property=\"og:url\" content=\"https:\/\/kochise.com.es\/wordpress\/la-olmeda-soria-referencias-documentales\/\" \/>\n\t\t<meta property=\"article:published_time\" content=\"2018-10-29T18:02:47+00:00\" \/>\n\t\t<meta property=\"article:modified_time\" content=\"2023-05-01T19:58:20+00:00\" \/>\n\t\t<meta name=\"twitter:card\" content=\"summary\" \/>\n\t\t<meta name=\"twitter:title\" content=\"La Olmeda (Soria). Referencias documentales. | \u24c0\u24de\u24d2\u24d7\u24d8\u24e2\u24d4 \u06de\" \/>\n\t\t<meta name=\"twitter:description\" content=\"REFERENCIAS DOCUMENTALES DE LA OLMEDA (SORIA). Se muestra el contenido de todas las referencias al pueblo de La Olmeda existentes en las diferentes fuentes documentales, desde los primeros registros hist\u00f3ricos existentes hasta la actualidad.\" \/>\n\t\t<script type=\"application\/ld+json\" class=\"aioseo-schema\">\n\t\t\t{\"@context\":\"https:\\\/\\\/schema.org\",\"@graph\":[{\"@type\":\"Article\",\"@id\":\"https:\\\/\\\/kochise.com.es\\\/wordpress\\\/la-olmeda-soria-referencias-documentales\\\/#article\",\"name\":\"La Olmeda (Soria). Referencias documentales. | \\u24c0\\u24de\\u24d2\\u24d7\\u24d8\\u24e2\\u24d4 \\u06de\",\"headline\":\"La Olmeda (Soria). Referencias documentales.\",\"author\":{\"@id\":\"https:\\\/\\\/kochise.com.es\\\/wordpress\\\/author\\\/ricardo-sanz-aguilera\\\/#author\"},\"publisher\":{\"@id\":\"https:\\\/\\\/kochise.com.es\\\/wordpress\\\/#organization\"},\"image\":{\"@type\":\"ImageObject\",\"url\":\"http:\\\/\\\/img110.xooimage.com\\\/files\\\/3\\\/0\\\/b\\\/censopecherossoria-55376ed.png\",\"@id\":\"https:\\\/\\\/kochise.com.es\\\/wordpress\\\/la-olmeda-soria-referencias-documentales\\\/#articleImage\"},\"datePublished\":\"2018-10-29T19:02:47+01:00\",\"dateModified\":\"2023-05-01T20:58:20+01:00\",\"inLanguage\":\"es-ES\",\"mainEntityOfPage\":{\"@id\":\"https:\\\/\\\/kochise.com.es\\\/wordpress\\\/la-olmeda-soria-referencias-documentales\\\/#webpage\"},\"isPartOf\":{\"@id\":\"https:\\\/\\\/kochise.com.es\\\/wordpress\\\/la-olmeda-soria-referencias-documentales\\\/#webpage\"},\"articleSection\":\"Etnograf\\u00eda, Antonio Ruiz Vega, aranda, Campoflorido, catastro, censo, censo de la sal, censo de los obispos, censo de pecheros, censo ganadero, documentos, Ensenada, etnografia, Fernan Gonzalez, floridablanca, Godoy, historia, La Olmeda, madoz, manuel blasco, Marques, marques de la ensenada, mi\\u00f1ano, nomenclator, Olmeda, Soria, Soria Semanal, vecindario\"},{\"@type\":\"BreadcrumbList\",\"@id\":\"https:\\\/\\\/kochise.com.es\\\/wordpress\\\/la-olmeda-soria-referencias-documentales\\\/#breadcrumblist\",\"itemListElement\":[{\"@type\":\"ListItem\",\"@id\":\"https:\\\/\\\/kochise.com.es\\\/wordpress#listItem\",\"position\":1,\"name\":\"Home\",\"item\":\"https:\\\/\\\/kochise.com.es\\\/wordpress\",\"nextItem\":{\"@type\":\"ListItem\",\"@id\":\"https:\\\/\\\/kochise.com.es\\\/wordpress\\\/category\\\/etnografia\\\/#listItem\",\"name\":\"Etnograf\\u00eda\"}},{\"@type\":\"ListItem\",\"@id\":\"https:\\\/\\\/kochise.com.es\\\/wordpress\\\/category\\\/etnografia\\\/#listItem\",\"position\":2,\"name\":\"Etnograf\\u00eda\",\"item\":\"https:\\\/\\\/kochise.com.es\\\/wordpress\\\/category\\\/etnografia\\\/\",\"nextItem\":{\"@type\":\"ListItem\",\"@id\":\"https:\\\/\\\/kochise.com.es\\\/wordpress\\\/la-olmeda-soria-referencias-documentales\\\/#listItem\",\"name\":\"La Olmeda (Soria). Referencias documentales.\"},\"previousItem\":{\"@type\":\"ListItem\",\"@id\":\"https:\\\/\\\/kochise.com.es\\\/wordpress#listItem\",\"name\":\"Home\"}},{\"@type\":\"ListItem\",\"@id\":\"https:\\\/\\\/kochise.com.es\\\/wordpress\\\/la-olmeda-soria-referencias-documentales\\\/#listItem\",\"position\":3,\"name\":\"La Olmeda (Soria). Referencias documentales.\",\"previousItem\":{\"@type\":\"ListItem\",\"@id\":\"https:\\\/\\\/kochise.com.es\\\/wordpress\\\/category\\\/etnografia\\\/#listItem\",\"name\":\"Etnograf\\u00eda\"}}]},{\"@type\":\"Organization\",\"@id\":\"https:\\\/\\\/kochise.com.es\\\/wordpress\\\/#organization\",\"name\":\"\\u24c0\\u24de\\u24d2\\u24d7\\u24d8\\u24e2\\u24d4     \\u06de\",\"description\":\"\\u2623 Freestyler - Ich poste, was ich mag und mich interessiert\",\"url\":\"https:\\\/\\\/kochise.com.es\\\/wordpress\\\/\"},{\"@type\":\"Person\",\"@id\":\"https:\\\/\\\/kochise.com.es\\\/wordpress\\\/author\\\/ricardo-sanz-aguilera\\\/#author\",\"url\":\"https:\\\/\\\/kochise.com.es\\\/wordpress\\\/author\\\/ricardo-sanz-aguilera\\\/\",\"name\":\"Ricardo Sanz\",\"image\":{\"@type\":\"ImageObject\",\"@id\":\"https:\\\/\\\/kochise.com.es\\\/wordpress\\\/la-olmeda-soria-referencias-documentales\\\/#authorImage\",\"url\":\"https:\\\/\\\/secure.gravatar.com\\\/avatar\\\/bf3018dd57eb041d2ca5bd5b54b687073a5f9f7dc451745040e5e9439702a183?s=96&d=mm&r=g\",\"width\":96,\"height\":96,\"caption\":\"Ricardo Sanz\"}},{\"@type\":\"WebPage\",\"@id\":\"https:\\\/\\\/kochise.com.es\\\/wordpress\\\/la-olmeda-soria-referencias-documentales\\\/#webpage\",\"url\":\"https:\\\/\\\/kochise.com.es\\\/wordpress\\\/la-olmeda-soria-referencias-documentales\\\/\",\"name\":\"La Olmeda (Soria). Referencias documentales. | \\u24c0\\u24de\\u24d2\\u24d7\\u24d8\\u24e2\\u24d4 \\u06de\",\"description\":\"REFERENCIAS DOCUMENTALES DE LA OLMEDA (SORIA). Se muestra el contenido de todas las referencias al pueblo de La Olmeda existentes en las diferentes fuentes documentales, desde los primeros registros hist\\u00f3ricos existentes hasta la actualidad.\",\"inLanguage\":\"es-ES\",\"isPartOf\":{\"@id\":\"https:\\\/\\\/kochise.com.es\\\/wordpress\\\/#website\"},\"breadcrumb\":{\"@id\":\"https:\\\/\\\/kochise.com.es\\\/wordpress\\\/la-olmeda-soria-referencias-documentales\\\/#breadcrumblist\"},\"author\":{\"@id\":\"https:\\\/\\\/kochise.com.es\\\/wordpress\\\/author\\\/ricardo-sanz-aguilera\\\/#author\"},\"creator\":{\"@id\":\"https:\\\/\\\/kochise.com.es\\\/wordpress\\\/author\\\/ricardo-sanz-aguilera\\\/#author\"},\"datePublished\":\"2018-10-29T19:02:47+01:00\",\"dateModified\":\"2023-05-01T20:58:20+01:00\"},{\"@type\":\"WebSite\",\"@id\":\"https:\\\/\\\/kochise.com.es\\\/wordpress\\\/#website\",\"url\":\"https:\\\/\\\/kochise.com.es\\\/wordpress\\\/\",\"name\":\"\\u24c0\\u24de\\u24d2\\u24d7\\u24d8\\u24e2\\u24d4 \\u06de\",\"description\":\"\\u2623 Freestyler - Ich poste, was ich mag und mich interessiert\",\"inLanguage\":\"es-ES\",\"publisher\":{\"@id\":\"https:\\\/\\\/kochise.com.es\\\/wordpress\\\/#organization\"}}]}\n\t\t<\/script>\n\t\t<!-- All in One SEO -->\n\n","aioseo_head_json":{"title":"La Olmeda (Soria). Referencias documentales. | \u24c0\u24de\u24d2\u24d7\u24d8\u24e2\u24d4 \u06de","description":"REFERENCIAS DOCUMENTALES DE LA OLMEDA (SORIA). Se muestra el contenido de todas las referencias al pueblo de La Olmeda existentes en las diferentes fuentes documentales, desde los primeros registros hist\u00f3ricos existentes hasta la actualidad.","canonical_url":"https:\/\/kochise.com.es\/wordpress\/la-olmeda-soria-referencias-documentales\/","robots":"max-image-preview:large","keywords":"olmeda,marques de la ensenada,la olmeda,soria,censo,catastro,historia,documentos,marques,ensenada,campoflorido,godoy,censo de los obispos,censo de pecheros,vecindario,censo de la sal,censo ganadero,aranda,floridablanca,mi\u00f1ano,madoz,nomenclator,manuel blasco,antonio ruiz vega,fernan gonzalez,soria semanal,etnografia,etnograf\u00eda","webmasterTools":{"miscellaneous":""},"schema":{"@context":"https:\/\/schema.org","@graph":[{"@type":"Article","@id":"https:\/\/kochise.com.es\/wordpress\/la-olmeda-soria-referencias-documentales\/#article","name":"La Olmeda (Soria). Referencias documentales. | \u24c0\u24de\u24d2\u24d7\u24d8\u24e2\u24d4 \u06de","headline":"La Olmeda (Soria). Referencias documentales.","author":{"@id":"https:\/\/kochise.com.es\/wordpress\/author\/ricardo-sanz-aguilera\/#author"},"publisher":{"@id":"https:\/\/kochise.com.es\/wordpress\/#organization"},"image":{"@type":"ImageObject","url":"http:\/\/img110.xooimage.com\/files\/3\/0\/b\/censopecherossoria-55376ed.png","@id":"https:\/\/kochise.com.es\/wordpress\/la-olmeda-soria-referencias-documentales\/#articleImage"},"datePublished":"2018-10-29T19:02:47+01:00","dateModified":"2023-05-01T20:58:20+01:00","inLanguage":"es-ES","mainEntityOfPage":{"@id":"https:\/\/kochise.com.es\/wordpress\/la-olmeda-soria-referencias-documentales\/#webpage"},"isPartOf":{"@id":"https:\/\/kochise.com.es\/wordpress\/la-olmeda-soria-referencias-documentales\/#webpage"},"articleSection":"Etnograf\u00eda, Antonio Ruiz Vega, aranda, Campoflorido, catastro, censo, censo de la sal, censo de los obispos, censo de pecheros, censo ganadero, documentos, Ensenada, etnografia, Fernan Gonzalez, floridablanca, Godoy, historia, La Olmeda, madoz, manuel blasco, Marques, marques de la ensenada, mi\u00f1ano, nomenclator, Olmeda, Soria, Soria Semanal, vecindario"},{"@type":"BreadcrumbList","@id":"https:\/\/kochise.com.es\/wordpress\/la-olmeda-soria-referencias-documentales\/#breadcrumblist","itemListElement":[{"@type":"ListItem","@id":"https:\/\/kochise.com.es\/wordpress#listItem","position":1,"name":"Home","item":"https:\/\/kochise.com.es\/wordpress","nextItem":{"@type":"ListItem","@id":"https:\/\/kochise.com.es\/wordpress\/category\/etnografia\/#listItem","name":"Etnograf\u00eda"}},{"@type":"ListItem","@id":"https:\/\/kochise.com.es\/wordpress\/category\/etnografia\/#listItem","position":2,"name":"Etnograf\u00eda","item":"https:\/\/kochise.com.es\/wordpress\/category\/etnografia\/","nextItem":{"@type":"ListItem","@id":"https:\/\/kochise.com.es\/wordpress\/la-olmeda-soria-referencias-documentales\/#listItem","name":"La Olmeda (Soria). Referencias documentales."},"previousItem":{"@type":"ListItem","@id":"https:\/\/kochise.com.es\/wordpress#listItem","name":"Home"}},{"@type":"ListItem","@id":"https:\/\/kochise.com.es\/wordpress\/la-olmeda-soria-referencias-documentales\/#listItem","position":3,"name":"La Olmeda (Soria). Referencias documentales.","previousItem":{"@type":"ListItem","@id":"https:\/\/kochise.com.es\/wordpress\/category\/etnografia\/#listItem","name":"Etnograf\u00eda"}}]},{"@type":"Organization","@id":"https:\/\/kochise.com.es\/wordpress\/#organization","name":"\u24c0\u24de\u24d2\u24d7\u24d8\u24e2\u24d4     \u06de","description":"\u2623 Freestyler - Ich poste, was ich mag und mich interessiert","url":"https:\/\/kochise.com.es\/wordpress\/"},{"@type":"Person","@id":"https:\/\/kochise.com.es\/wordpress\/author\/ricardo-sanz-aguilera\/#author","url":"https:\/\/kochise.com.es\/wordpress\/author\/ricardo-sanz-aguilera\/","name":"Ricardo Sanz","image":{"@type":"ImageObject","@id":"https:\/\/kochise.com.es\/wordpress\/la-olmeda-soria-referencias-documentales\/#authorImage","url":"https:\/\/secure.gravatar.com\/avatar\/bf3018dd57eb041d2ca5bd5b54b687073a5f9f7dc451745040e5e9439702a183?s=96&d=mm&r=g","width":96,"height":96,"caption":"Ricardo Sanz"}},{"@type":"WebPage","@id":"https:\/\/kochise.com.es\/wordpress\/la-olmeda-soria-referencias-documentales\/#webpage","url":"https:\/\/kochise.com.es\/wordpress\/la-olmeda-soria-referencias-documentales\/","name":"La Olmeda (Soria). Referencias documentales. | \u24c0\u24de\u24d2\u24d7\u24d8\u24e2\u24d4 \u06de","description":"REFERENCIAS DOCUMENTALES DE LA OLMEDA (SORIA). Se muestra el contenido de todas las referencias al pueblo de La Olmeda existentes en las diferentes fuentes documentales, desde los primeros registros hist\u00f3ricos existentes hasta la actualidad.","inLanguage":"es-ES","isPartOf":{"@id":"https:\/\/kochise.com.es\/wordpress\/#website"},"breadcrumb":{"@id":"https:\/\/kochise.com.es\/wordpress\/la-olmeda-soria-referencias-documentales\/#breadcrumblist"},"author":{"@id":"https:\/\/kochise.com.es\/wordpress\/author\/ricardo-sanz-aguilera\/#author"},"creator":{"@id":"https:\/\/kochise.com.es\/wordpress\/author\/ricardo-sanz-aguilera\/#author"},"datePublished":"2018-10-29T19:02:47+01:00","dateModified":"2023-05-01T20:58:20+01:00"},{"@type":"WebSite","@id":"https:\/\/kochise.com.es\/wordpress\/#website","url":"https:\/\/kochise.com.es\/wordpress\/","name":"\u24c0\u24de\u24d2\u24d7\u24d8\u24e2\u24d4 \u06de","description":"\u2623 Freestyler - Ich poste, was ich mag und mich interessiert","inLanguage":"es-ES","publisher":{"@id":"https:\/\/kochise.com.es\/wordpress\/#organization"}}]},"og:locale":"es_ES","og:site_name":"\u24c0\u24de\u24d2\u24d7\u24d8\u24e2\u24d4     \u06de | \u2623 Freestyler - Ich poste, was ich mag und mich interessiert","og:type":"article","og:title":"La Olmeda (Soria). Referencias documentales. | \u24c0\u24de\u24d2\u24d7\u24d8\u24e2\u24d4 \u06de","og:description":"REFERENCIAS DOCUMENTALES DE LA OLMEDA (SORIA). Se muestra el contenido de todas las referencias al pueblo de La Olmeda existentes en las diferentes fuentes documentales, desde los primeros registros hist\u00f3ricos existentes hasta la actualidad.","og:url":"https:\/\/kochise.com.es\/wordpress\/la-olmeda-soria-referencias-documentales\/","article:published_time":"2018-10-29T18:02:47+00:00","article:modified_time":"2023-05-01T19:58:20+00:00","twitter:card":"summary","twitter:title":"La Olmeda (Soria). Referencias documentales. | \u24c0\u24de\u24d2\u24d7\u24d8\u24e2\u24d4 \u06de","twitter:description":"REFERENCIAS DOCUMENTALES DE LA OLMEDA (SORIA). Se muestra el contenido de todas las referencias al pueblo de La Olmeda existentes en las diferentes fuentes documentales, desde los primeros registros hist\u00f3ricos existentes hasta la actualidad."},"aioseo_meta_data":{"post_id":"8940","title":"La Olmeda (Soria). Referencias documentales. | #site_title","description":"REFERENCIAS DOCUMENTALES DE LA OLMEDA (SORIA). Se muestra el contenido de todas las referencias al pueblo de La Olmeda existentes en las diferentes fuentes documentales, desde los primeros registros hist\u00f3ricos existentes hasta la actualidad.","keywords":[{"label":"olmeda","value":"olmeda"},{"label":"marques de la ensenada","value":"marques de la ensenada"},{"label":"la olmeda","value":"la olmeda"},{"label":"soria","value":"soria"},{"label":"censo","value":"censo"},{"label":"catastro","value":"catastro"},{"label":"historia","value":"historia"},{"label":"documentos","value":"documentos"},{"label":"Marques","value":"Marques"},{"label":"Ensenada","value":"Ensenada"},{"label":"Campoflorido","value":"Campoflorido"},{"label":"Godoy","value":"Godoy"},{"label":"censo de los obispos","value":"censo de los obispos"},{"label":"censo de pecheros","value":"censo de pecheros"},{"label":"vecindario","value":"vecindario"},{"label":"censo de la sal","value":"censo de la sal"},{"label":"censo ganadero","value":"censo ganadero"},{"label":"aranda","value":"aranda"},{"label":"floridablanca","value":"floridablanca"},{"label":"mi\u00f1ano","value":"mi\u00f1ano"},{"label":"madoz","value":"madoz"},{"label":"nomenclator","value":"nomenclator"},{"label":"manuel blasco","value":"manuel blasco"},{"label":"antonio ruiz vega","value":"antonio ruiz vega"},{"label":"fernan gonzalez","value":"fernan gonzalez"},{"label":"soria semanal","value":"soria semanal"},{"label":"etnografia","value":"etnografia"}],"keyphrases":{"focus":{"keyphrase":"","score":0,"analysis":{"keyphraseInTitle":{"score":0,"maxScore":9,"error":1}}},"additional":[]},"primary_term":null,"canonical_url":null,"og_title":null,"og_description":null,"og_object_type":"default","og_image_type":"default","og_image_url":null,"og_image_width":null,"og_image_height":null,"og_image_custom_url":null,"og_image_custom_fields":null,"og_video":"","og_custom_url":null,"og_article_section":null,"og_article_tags":[],"twitter_use_og":false,"twitter_card":"default","twitter_image_type":"default","twitter_image_url":null,"twitter_image_custom_url":null,"twitter_image_custom_fields":null,"twitter_title":null,"twitter_description":null,"schema":{"blockGraphs":[],"customGraphs":[],"default":{"data":{"Article":[],"Course":[],"Dataset":[],"FAQPage":[],"Movie":[],"Person":[],"Product":[],"ProductReview":[],"Car":[],"Recipe":[],"Service":[],"SoftwareApplication":[],"WebPage":[]},"graphName":"","isEnabled":true},"graphs":[],"defaultGraph":"Article","defaultPostTypeGraph":""},"schema_type":"default","schema_type_options":"{\"article\":{\"articleType\":\"BlogPosting\"},\"course\":{\"name\":\"\",\"description\":\"\",\"provider\":\"\"},\"faq\":{\"pages\":[]},\"product\":{\"reviews\":[]},\"recipe\":{\"ingredients\":[],\"instructions\":[],\"keywords\":[]},\"software\":{\"reviews\":[],\"operatingSystems\":[]},\"webPage\":{\"webPageType\":\"WebPage\"},\"blockGraphs\":[]}","pillar_content":false,"robots_default":true,"robots_noindex":false,"robots_noarchive":false,"robots_nosnippet":false,"robots_nofollow":false,"robots_noimageindex":false,"robots_noodp":false,"robots_notranslate":false,"robots_max_snippet":"-1","robots_max_videopreview":"-1","robots_max_imagepreview":"large","priority":null,"frequency":"default","local_seo":null,"breadcrumb_settings":null,"limit_modified_date":false,"ai":null,"created":"2020-12-29 13:17:30","updated":"2023-05-01 20:05:44","seo_analyzer_scan_date":null,"focus_keyword":null,"additional_keywords":null,"truseo_locale":null},"aioseo_breadcrumb":"<div class=\"aioseo-breadcrumbs\"><span class=\"aioseo-breadcrumb\">\n\t\t\t<a href=\"https:\/\/kochise.com.es\/wordpress\" title=\"Home\">Home<\/a>\n\t\t<\/span><span class=\"aioseo-breadcrumb-separator\">\u00bb<\/span><span class=\"aioseo-breadcrumb\">\n\t\t\t<a href=\"https:\/\/kochise.com.es\/wordpress\/category\/etnografia\/\" title=\"Etnograf\u00eda\">Etnograf\u00eda<\/a>\n\t\t<\/span><span class=\"aioseo-breadcrumb-separator\">\u00bb<\/span><span class=\"aioseo-breadcrumb\">\n\t\t\tLa Olmeda (Soria). Referencias documentales.\n\t\t<\/span><\/div>","aioseo_breadcrumb_json":[{"label":"Home","link":"https:\/\/kochise.com.es\/wordpress"},{"label":"Etnograf\u00eda","link":"https:\/\/kochise.com.es\/wordpress\/category\/etnografia\/"},{"label":"La Olmeda (Soria). Referencias documentales.","link":"https:\/\/kochise.com.es\/wordpress\/la-olmeda-soria-referencias-documentales\/"}],"_links":{"self":[{"href":"https:\/\/kochise.com.es\/wordpress\/wp-json\/wp\/v2\/posts\/8940","targetHints":{"allow":["GET"]}}],"collection":[{"href":"https:\/\/kochise.com.es\/wordpress\/wp-json\/wp\/v2\/posts"}],"about":[{"href":"https:\/\/kochise.com.es\/wordpress\/wp-json\/wp\/v2\/types\/post"}],"author":[{"embeddable":true,"href":"https:\/\/kochise.com.es\/wordpress\/wp-json\/wp\/v2\/users\/2"}],"replies":[{"embeddable":true,"href":"https:\/\/kochise.com.es\/wordpress\/wp-json\/wp\/v2\/comments?post=8940"}],"version-history":[{"count":186,"href":"https:\/\/kochise.com.es\/wordpress\/wp-json\/wp\/v2\/posts\/8940\/revisions"}],"predecessor-version":[{"id":14160,"href":"https:\/\/kochise.com.es\/wordpress\/wp-json\/wp\/v2\/posts\/8940\/revisions\/14160"}],"wp:attachment":[{"href":"https:\/\/kochise.com.es\/wordpress\/wp-json\/wp\/v2\/media?parent=8940"}],"wp:term":[{"taxonomy":"category","embeddable":true,"href":"https:\/\/kochise.com.es\/wordpress\/wp-json\/wp\/v2\/categories?post=8940"},{"taxonomy":"post_tag","embeddable":true,"href":"https:\/\/kochise.com.es\/wordpress\/wp-json\/wp\/v2\/tags?post=8940"}],"curies":[{"name":"wp","href":"https:\/\/api.w.org\/{rel}","templated":true}]}}