{"id":9517,"date":"2019-07-17T19:21:05","date_gmt":"2019-07-17T18:21:05","guid":{"rendered":"http:\/\/kochise.com.es\/wordpress\/?p=9517"},"modified":"2023-01-28T12:02:55","modified_gmt":"2023-01-28T11:02:55","slug":"la-olmeda-soria-en-el-vecindario-de-la-corona-de-castilla-de-1646","status":"publish","type":"post","link":"https:\/\/kochise.com.es\/wordpress\/la-olmeda-soria-en-el-vecindario-de-la-corona-de-castilla-de-1646\/","title":{"rendered":"La Olmeda (Soria) en el Vecindario de la Corona de Castilla de 1646"},"content":{"rendered":"<div class=\"su-heading su-heading-style-default su-heading-align-center\" id=\"\" style=\"font-size:20px;margin-bottom:30px\"><div class=\"su-heading-inner\">La Olmeda (Soria) en el Vecindario de las ciudades, villas y lugares de la Corona de Castilla de 1646<\/div><\/div>\n<p><img loading=\"lazy\" decoding=\"async\" class=\"alignnone size-full wp-image-9619\" src=\"https:\/\/kochise.com.es\/wordpress\/wp-content\/uploads\/2019\/07\/00000O5W-4.jpg\" alt=\"\" width=\"711\" height=\"235\" srcset=\"https:\/\/kochise.com.es\/wordpress\/wp-content\/uploads\/2019\/07\/00000O5W-4.jpg 711w, https:\/\/kochise.com.es\/wordpress\/wp-content\/uploads\/2019\/07\/00000O5W-4-300x99.jpg 300w\" sizes=\"auto, (max-width: 711px) 100vw, 711px\" \/><\/p>\n<p><span style=\"color: #004c99;\"><strong>EL VECINDARIO GENERAL DEL REINO DE CASTILLA<\/strong><\/span><\/p>\n<p style=\"text-align: justify;\"><span class=\"Apple-style-span\">En 1646 se ordena en cada poblaci\u00f3n del reino de Castilla se realice un mero recuento de sus vecinos, con objeto de realizar un reparto forzoso de <a href=\"https:\/\/es.wikipedia.org\/wiki\/Juros\" target=\"_blank\" rel=\"noopener\">juros<\/a> reales, que conformar\u00e1 el\u00a0<a href=\"http:\/\/pares.mcu.es\/ParesBusquedas\/servlets\/Control_servlet?accion=3&amp;txt_id_desc_ud=2223273&amp;fromagenda=N\" target=\"_blank\" rel=\"noopener\"><span id=\"bold\">Vecindario de las ciudades, villas y lugares de la Corona de Castilla de 1646<\/span><\/a>. <\/span><\/p>\n<p style=\"text-align: justify;\"><a href=\"https:\/\/upload.wikimedia.org\/wikipedia\/commons\/thumb\/d\/d7\/Provinces_Crown_of_Castile_1590.svg\/1280px-Provinces_Crown_of_Castile_1590.svg.png\" rel=\"lightbox[9517]\"><img loading=\"lazy\" decoding=\"async\" class=\"alignright\" src=\"https:\/\/upload.wikimedia.org\/wikipedia\/commons\/thumb\/d\/d7\/Provinces_Crown_of_Castile_1590.svg\/1280px-Provinces_Crown_of_Castile_1590.svg.png\" alt=\"\" width=\"299\" height=\"234\" \/><\/a>La <span style=\"text-decoration: underline;\">organizaci\u00f3n territorial de la Corona de Castilla en esa \u00e9poca<\/span> estaba compuesta o distribuida entre las 18 ciudades con derecho a voto en Cortes y a su vez subdividido en partidos, recibiendo en algunos casos tambi\u00e9n el nombre de provincia.<\/p>\n<p style=\"text-align: justify;\">Estas circunscripciones creadas a finales del siglo XVI, que reciben en ocasiones la denominaci\u00f3n de provincias, carecian de cualquier valor jur\u00eddico o administrativo y ten\u00edan un caracter meramente fiscal, por lo que se debe evitar confundir este concepto de provincia con el actual,\u200b y no constitu\u00edan en absoluto una divisi\u00f3n administrativa. La \u00fanica verdadera divisi\u00f3n administrativa existente en aquel tiempo era la villa y el municipio.<\/p>\n<p style=\"text-align: justify;\">En los territorios de la demarcaci\u00f3n de la ciudad de Soria, en lo que podr\u00edamos llamar su intendencia o provincia, tambi\u00e9n llegaron las \u00f3rdenes para formar su vencindario:<br \/>\n<!--more--><\/p>\n<p style=\"text-align: justify;\">&#8220;<em>Cumpliendo con una orden del Sr. Corregidor de la ciudad de Soria con que han sido requeridos despachados en virtud de carta del Sr. Antonio Carnero, Secretario del Real Consejo de C\u00e1mara de su Magestad en que manda que se le remita relaci\u00f3n por abecedario cierta y verdadera de las becindades de las vilas y lugares de su provincia ans\u00ed Realengos como de Se\u00f1or\u00edo y Abadengo<\/em>&#8220;.<\/p>\n<p style=\"text-align: justify;\">Los documentos relativos a los vecindarios (a veces mal llamados censos) de 1646 se conservan en el Archivo General de Simancas. Estos fondos se encuentran digitalizados y disponibles para ser consulatdos por Internet a trav\u00e9s del Portal de Archivos Espa\u00f1oles (<a href=\"http:\/\/pares.mcu.es\/\" target=\"_blank\" rel=\"noopener\">PARES<\/a>). Todos los documentos disponibles se encuentran en la secci\u00f3n <a href=\"http:\/\/pares.mcu.es\/ParesBusquedas\/servlets\/Control_servlet?accion=3&amp;txt_id_desc_ud=2223273&amp;fromagenda=N\" target=\"_blank\" rel=\"noopener\">C\u00e1mara de Castilla, Diversos, Legajo 23, Docs. 1-4<\/a>., bajo el ep\u00edgrafe <em>Vecindarios de varias villas y lugares de la Corona de Castilla<\/em>. Este censo es bastante incompleto y considerado probablemente con pocas garant\u00edas de veracidad. Adem\u00e1s, desgraciadamente, no son todas las poblaciones que se encuentran en la documentaci\u00f3n disponible puesto que la cobertura del vecindario de la Corona de Castilla apenas si alcanza el 50% del territorio.<\/p>\n<p><span style=\"color: #004c99;\"><strong>EL VECINDARIO DE LA OLMEDA DE 1646<\/strong><\/span><\/p>\n<p style=\"text-align: justify;\">Las <a href=\"https:\/\/bscw.rediris.es\/pub\/bscw.cgi\/827601?op=preview&amp;back_url=815805\" target=\"_blank\" rel=\"noopener\">poblaciones de Soria<\/a> se encuentran ampliamente representadas, aunque no en su totalidad. En <strong>la certificaci\u00f3n de vecindad de La Olmeda se expresa una relaci\u00f3n nominal de los vecinos<\/strong>. <span class=\"Apple-style-span\">Conviene aclarar que el concepto de vecino, igual que en los anteriores censos, equivale al cabeza de familia de cada casa, generalmente hombre y en menor medida viudas o bien otras mujeres que por diversas circunstancias estuvieran al cargo de un hogar. De este modo la cifra total de habitantes tan solo puede estimarse aplicado un factor de 3 o 4 al n\u00famero de vecinos.<\/span><\/p>\n<p style=\"text-align: justify;\">El testimonio con la declaraci\u00f3n de vecinos correspondiente al lugar de La Olmeda se encuentra en las\u00a0<strong>p\u00e1ginas (im\u00e1genes) 534 y 535<\/strong> del documento digitalizado.<\/p>\n<p><a href=\"http:\/\/img110.xooimage.com\/files\/e\/a\/d\/olmeda1-00000o5w-5609de2.jpg\" rel=\"lightbox[9517]\"><img loading=\"lazy\" decoding=\"async\" class=\"alignnone\" src=\"http:\/\/img110.xooimage.com\/files\/e\/a\/d\/olmeda1-00000o5w-5609de2.jpg\" alt=\"\" width=\"331\" height=\"479\" \/><\/a><a href=\"http:\/\/img110.xooimage.com\/files\/4\/3\/0\/olmeda2-00000o42-5609de4.jpg\" rel=\"lightbox[9517]\"><img loading=\"lazy\" decoding=\"async\" class=\"alignnone\" src=\"http:\/\/img110.xooimage.com\/files\/4\/3\/0\/olmeda2-00000o42-5609de4.jpg\" alt=\"\" width=\"324\" height=\"479\" \/><\/a><br \/>\n<span style=\"font-size: 8pt;\"><em>P\u00e1gs. 534 y 535 (http:\/\/pares.mcu.es\/ParesBusquedas\/servlets\/Control_servlet?accion=3&amp;txt_id_desc_ud=2223273&amp;fromagenda=N).<\/em><\/span><\/p>\n<p><span style=\"color: #004c99;\"><strong>TRANSCRIPCI\u00d3N DEL DOCUMENTO<\/strong><\/span><\/p>\n<p><em>(El documento se transcribe manteniendo su tenor literal)<\/em><\/p>\n<p><em>&#8216;En la villa de Osma a veinte i cuatro del mes de agosto de mil i seiscientos<\/em><br \/>\n<em>querenta i seis a\u00f1os ante su merced de Grabiel de Ortega tiniente de<\/em><br \/>\n<em>gobernador i de mi el presente escribano parencio Juan Carro regidor<\/em><br \/>\n<em>del lugar de la olmeda = i dijo que a el se le a notificado un mandamiento de su merced<\/em><br \/>\n<em>en rason de que biniese a declarar los vecinos que ai en el dicho lugar i cun<\/em><br \/>\n<em>pliendo con el tenor del dicho mandamiento viene a\u00e7erla dicha declara\u00e7i\u00f3n i su merced<\/em><br \/>\n<em>del tomo e re\u00e7ivio juramento en forma de derecho i prometio de declarar<\/em><br \/>\n<em>los vecinos que ai en el dicho lugar sin dejar ninguno i cumpliendo con lo<\/em><br \/>\n<em>jurado i\u00e7o la declaraci\u00f3n siguiente<\/em><\/p>\n<p><em>Bartolome de Bernabe<\/em><br \/>\n<em>Diego de Tobar<\/em><br \/>\n<em>Francisco de Guerta<\/em><br \/>\n<em>Juan Carro<\/em><br \/>\n<em>Miguel Ruiz<\/em><br \/>\n<em>Pedro Delgado<\/em><\/p>\n<p><em>La cual dicha declaracion i\u00e7o el dicho regidor debajo del dicho ju<\/em><br \/>\n<em>ramento i que no se queda ninguno por declarar i manifestar<\/em><br \/>\n<em>mas de los quedan declarados i no lo firmo por no saber firmolo<\/em><br \/>\n<em>el dicho tiniente de que doi fee = Grabiel de Ortega = se aze ante mi<\/em><br \/>\n<em>Rodrigo de Gaona&#8217;<\/em><\/p>\n<p><span style=\"color: #004c99;\"><strong>REFERENCIAS DOCUMENTALES DE LOS VECINOS<\/strong><\/span><\/p>\n<p style=\"text-align: justify;\">Para comprobar la realidad de la existencia de los vecinos relacionados en el acta de vecindad de La Olmeda se han consulatado las referencias documentales que se pueden encontrar en los libros sacramentales de la Iglesia de la Olmeda. Estos libros se encuentran depositados en el Archivo Hist\u00f3rico Diocesano de Osma-Soria (AHDOS) de El Burgo de Osma. Las menciones a los vecinos aludidos son de diferentes tipos.<\/p>\n<p style=\"text-align: justify;\">Los primeros registros disponibles en el primer <em>Libro de Bautizados, Confirmados, Casados y Difuntos<\/em> de La Olmeda (R-237\/1) comienzan en 1646 para los bautizados, en 1659 para los matrimonios y en 1573 para los difuntos. Seg\u00fan estas fechas, no podemos tener acceso a las partidas de bautismo de aquellos vecinos citados que hubieran nacido en La Olmeda. Aparecen referencias, no obstante, a trav\u00e9s de las inscripciones de bautismo y matrimonio de sus hijos:<\/p>\n<ul style=\"text-align: justify;\">\n<li>Bartolom\u00e9 de Bernab\u00e9, nacido en 1648, hijo de <span style=\"text-decoration: underline;\">Bartolom\u00e9 de Bernab\u00e9<\/span> y de Isabel Ruiz.<\/li>\n<li>Isabel de Tobar, nacida en 1647, hija de <span style=\"text-decoration: underline;\">Deigo de Tobar<\/span> y Mar\u00eda Rold\u00e1n.<\/li>\n<li>Matrimonio de Juan de Guerta, hijo de <span style=\"text-decoration: underline;\">Francisco de Guerta<\/span> y de Ana de Buillos, con Ana Ortega en 1667.<\/li>\n<li>Pedro Carro, nacido en 1647, hijo de <span style=\"text-decoration: underline;\">Juan Carro<\/span> y Ana R.<\/li>\n<li>Mar\u00eda Delgado, nacida en 1648, hija de <span style=\"text-decoration: underline;\">Pedro Delgado<\/span> y Catalina de Rained.<\/li>\n<\/ul>\n<p style=\"text-align: justify;\">Adem\u00e1s est\u00e1 anotado el fallecimiento de <span style=\"text-decoration: underline;\">Francisco de Guerta<\/span> el 02\/02\/1648.<\/p>\n<p><span style=\"color: #004c99;\"><strong>PARTICULARIDADES EN EL VECINDARIO DE LA OLMEDA<\/strong><\/span><\/p>\n<p><strong>\u00bfEl vecindario o los vecindarios de La Olmeda?<\/strong><\/p>\n<p style=\"text-align: justify;\">Adem\u00e1s de en las p\u00e1gs. 534 y 535, tambi\u00e9n se encuentra otro vecindario de &#8220;La Olmeda&#8221; en las p\u00e1g. 527 y 528, cuya transcripci\u00f3n se puede ver <a href=\"https:\/\/pastebin.com\/1mGDmjum\" target=\"_blank\" rel=\"noopener\">aqu\u00ed<\/a>.<\/p>\n<p style=\"text-align: justify;\">En ning\u00fan caso se puede decir que se trate del vecindario o de otro vecindario de La Olmeda (Soria). Sus vecinos no son contrastables con los registros y referencias documentales disponibles en el AHDOS. Esto significa que se trata de otra Olmeda. En este caso hay cuatro posibilidades: Olmeda del Rey y Olmeda de la Cuesta en la provincia de Cuenca, y Olmeda de Cobeta y Olmeda de Jadraque en la provincia de Guadalajara.<\/p>\n<p><strong>Los vecinos que no son mencionados.<\/strong><\/p>\n<p style=\"text-align: justify;\">En general, los datos del vecindario de 1646 se consideran bastante incompletos y probablemente con pocas garant\u00edas de veracidad. En el caso de La Olmeda, resulta sorprendente que en el AHDOS se encuntren otros apellidos de personas coet\u00e1neas a los que en los libros eclesi\u00e1sticos se registra como &#8220;vecinos de este lugar&#8221;, que se dan con mucha frecuencia y que no figuran como vecinos en el acta del vecindario. A t\u00edtulo no exhaustivo, abundan los apellidos Ortega, Romero, Iba\u00f1ez y otros como vecinos de La Olmeda. Examinar el rigor o la conformidad de la declaraci\u00f3n de vecindad realizada en 1646 ser\u00eda ya materia de otro estudio.<\/p>\n<p>&nbsp;<\/p>\n","protected":false},"excerpt":{"rendered":"<p>EL VECINDARIO GENERAL DEL REINO DE CASTILLA En 1646 se ordena en cada poblaci\u00f3n del reino de Castilla se realice un mero recuento de sus vecinos, con objeto de realizar un reparto forzoso de juros reales, que conformar\u00e1 el\u00a0Vecindario de &hellip; <a href=\"https:\/\/kochise.com.es\/wordpress\/la-olmeda-soria-en-el-vecindario-de-la-corona-de-castilla-de-1646\/\">Continue reading <span class=\"meta-nav\">&rarr;<\/span><\/a><\/p>\n","protected":false},"author":2,"featured_media":0,"comment_status":"open","ping_status":"open","sticky":false,"template":"","format":"standard","meta":{"_exactmetrics_skip_tracking":false,"footnotes":""},"categories":[737],"tags":[833,796,832,760,831,761,805],"class_list":["post-9517","post","type-post","status-publish","format-standard","hentry","category-etnografia","tag-833","tag-censo","tag-corona-de-castilla","tag-la-olmeda","tag-la-olmeda-soria","tag-soria","tag-vecindario"],"aioseo_notices":[],"aioseo_head":"\n\t\t<!-- All in One SEO 5.0.1.1 - aioseo.com -->\n\t<meta name=\"description\" content=\"La Olmeda (Soria) en el Vecindario de las ciudades, villas y lugares de la Corona de Castilla de 1646\" \/>\n\t<meta name=\"robots\" content=\"max-image-preview:large\" \/>\n\t<meta name=\"author\" content=\"Ricardo Sanz\"\/>\n\t<meta name=\"keywords\" content=\"la olmeda,soria,la olmeda (soria),vecindario,corona de castilla,1646,censo,etnograf\u00eda\" \/>\n\t<link rel=\"canonical\" href=\"https:\/\/kochise.com.es\/wordpress\/la-olmeda-soria-en-el-vecindario-de-la-corona-de-castilla-de-1646\/\" \/>\n\t<meta name=\"generator\" content=\"All in One SEO (AIOSEO) 5.0.1.1\" \/>\n\t\t<meta property=\"og:locale\" content=\"es_ES\" \/>\n\t\t<meta property=\"og:site_name\" content=\"\u24c0\u24de\u24d2\u24d7\u24d8\u24e2\u24d4     \u06de | \u2623 Freestyler - Ich poste, was ich mag und mich interessiert\" \/>\n\t\t<meta property=\"og:type\" content=\"article\" \/>\n\t\t<meta property=\"og:title\" content=\"La Olmeda (Soria) en el Vecindario de la Corona de Castilla de 1646 | \u24c0\u24de\u24d2\u24d7\u24d8\u24e2\u24d4 \u06de\" \/>\n\t\t<meta property=\"og:description\" content=\"La Olmeda (Soria) en el Vecindario de las ciudades, villas y lugares de la Corona de Castilla de 1646\" \/>\n\t\t<meta property=\"og:url\" content=\"https:\/\/kochise.com.es\/wordpress\/la-olmeda-soria-en-el-vecindario-de-la-corona-de-castilla-de-1646\/\" \/>\n\t\t<meta property=\"article:published_time\" content=\"2019-07-17T18:21:05+00:00\" \/>\n\t\t<meta property=\"article:modified_time\" content=\"2023-01-28T11:02:55+00:00\" \/>\n\t\t<meta name=\"twitter:card\" content=\"summary\" \/>\n\t\t<meta name=\"twitter:title\" content=\"La Olmeda (Soria) en el Vecindario de la Corona de Castilla de 1646 | \u24c0\u24de\u24d2\u24d7\u24d8\u24e2\u24d4 \u06de\" \/>\n\t\t<meta name=\"twitter:description\" content=\"La Olmeda (Soria) en el Vecindario de las ciudades, villas y lugares de la Corona de Castilla de 1646\" \/>\n\t\t<script type=\"application\/ld+json\" class=\"aioseo-schema\">\n\t\t\t{\"@context\":\"https:\\\/\\\/schema.org\",\"@graph\":[{\"@type\":\"Article\",\"@id\":\"https:\\\/\\\/kochise.com.es\\\/wordpress\\\/la-olmeda-soria-en-el-vecindario-de-la-corona-de-castilla-de-1646\\\/#article\",\"name\":\"La Olmeda (Soria) en el Vecindario de la Corona de Castilla de 1646 | \\u24c0\\u24de\\u24d2\\u24d7\\u24d8\\u24e2\\u24d4 \\u06de\",\"headline\":\"La Olmeda (Soria) en el Vecindario de la Corona de Castilla de 1646\",\"author\":{\"@id\":\"https:\\\/\\\/kochise.com.es\\\/wordpress\\\/author\\\/ricardo-sanz-aguilera\\\/#author\"},\"publisher\":{\"@id\":\"https:\\\/\\\/kochise.com.es\\\/wordpress\\\/#organization\"},\"image\":{\"@type\":\"ImageObject\",\"url\":\"https:\\\/\\\/kochise.com.es\\\/wordpress\\\/wp-content\\\/uploads\\\/2019\\\/07\\\/00000O5W-4.jpg\",\"@id\":\"https:\\\/\\\/kochise.com.es\\\/wordpress\\\/la-olmeda-soria-en-el-vecindario-de-la-corona-de-castilla-de-1646\\\/#articleImage\",\"width\":711,\"height\":235},\"datePublished\":\"2019-07-17T19:21:05+01:00\",\"dateModified\":\"2023-01-28T12:02:55+01:00\",\"inLanguage\":\"es-ES\",\"mainEntityOfPage\":{\"@id\":\"https:\\\/\\\/kochise.com.es\\\/wordpress\\\/la-olmeda-soria-en-el-vecindario-de-la-corona-de-castilla-de-1646\\\/#webpage\"},\"isPartOf\":{\"@id\":\"https:\\\/\\\/kochise.com.es\\\/wordpress\\\/la-olmeda-soria-en-el-vecindario-de-la-corona-de-castilla-de-1646\\\/#webpage\"},\"articleSection\":\"Etnograf\\u00eda, 1646, censo, corona de castilla, La Olmeda, la olmeda (soria), Soria, vecindario\"},{\"@type\":\"BreadcrumbList\",\"@id\":\"https:\\\/\\\/kochise.com.es\\\/wordpress\\\/la-olmeda-soria-en-el-vecindario-de-la-corona-de-castilla-de-1646\\\/#breadcrumblist\",\"itemListElement\":[{\"@type\":\"ListItem\",\"@id\":\"https:\\\/\\\/kochise.com.es\\\/wordpress#listItem\",\"position\":1,\"name\":\"Home\",\"item\":\"https:\\\/\\\/kochise.com.es\\\/wordpress\",\"nextItem\":{\"@type\":\"ListItem\",\"@id\":\"https:\\\/\\\/kochise.com.es\\\/wordpress\\\/category\\\/etnografia\\\/#listItem\",\"name\":\"Etnograf\\u00eda\"}},{\"@type\":\"ListItem\",\"@id\":\"https:\\\/\\\/kochise.com.es\\\/wordpress\\\/category\\\/etnografia\\\/#listItem\",\"position\":2,\"name\":\"Etnograf\\u00eda\",\"item\":\"https:\\\/\\\/kochise.com.es\\\/wordpress\\\/category\\\/etnografia\\\/\",\"nextItem\":{\"@type\":\"ListItem\",\"@id\":\"https:\\\/\\\/kochise.com.es\\\/wordpress\\\/la-olmeda-soria-en-el-vecindario-de-la-corona-de-castilla-de-1646\\\/#listItem\",\"name\":\"La Olmeda (Soria) en el Vecindario de la Corona de Castilla de 1646\"},\"previousItem\":{\"@type\":\"ListItem\",\"@id\":\"https:\\\/\\\/kochise.com.es\\\/wordpress#listItem\",\"name\":\"Home\"}},{\"@type\":\"ListItem\",\"@id\":\"https:\\\/\\\/kochise.com.es\\\/wordpress\\\/la-olmeda-soria-en-el-vecindario-de-la-corona-de-castilla-de-1646\\\/#listItem\",\"position\":3,\"name\":\"La Olmeda (Soria) en el Vecindario de la Corona de Castilla de 1646\",\"previousItem\":{\"@type\":\"ListItem\",\"@id\":\"https:\\\/\\\/kochise.com.es\\\/wordpress\\\/category\\\/etnografia\\\/#listItem\",\"name\":\"Etnograf\\u00eda\"}}]},{\"@type\":\"Organization\",\"@id\":\"https:\\\/\\\/kochise.com.es\\\/wordpress\\\/#organization\",\"name\":\"\\u24c0\\u24de\\u24d2\\u24d7\\u24d8\\u24e2\\u24d4     \\u06de\",\"description\":\"\\u2623 Freestyler - Ich poste, was ich mag und mich interessiert\",\"url\":\"https:\\\/\\\/kochise.com.es\\\/wordpress\\\/\"},{\"@type\":\"Person\",\"@id\":\"https:\\\/\\\/kochise.com.es\\\/wordpress\\\/author\\\/ricardo-sanz-aguilera\\\/#author\",\"url\":\"https:\\\/\\\/kochise.com.es\\\/wordpress\\\/author\\\/ricardo-sanz-aguilera\\\/\",\"name\":\"Ricardo Sanz\",\"image\":{\"@type\":\"ImageObject\",\"@id\":\"https:\\\/\\\/kochise.com.es\\\/wordpress\\\/la-olmeda-soria-en-el-vecindario-de-la-corona-de-castilla-de-1646\\\/#authorImage\",\"url\":\"https:\\\/\\\/secure.gravatar.com\\\/avatar\\\/bf3018dd57eb041d2ca5bd5b54b687073a5f9f7dc451745040e5e9439702a183?s=96&d=mm&r=g\",\"width\":96,\"height\":96,\"caption\":\"Ricardo Sanz\"}},{\"@type\":\"WebPage\",\"@id\":\"https:\\\/\\\/kochise.com.es\\\/wordpress\\\/la-olmeda-soria-en-el-vecindario-de-la-corona-de-castilla-de-1646\\\/#webpage\",\"url\":\"https:\\\/\\\/kochise.com.es\\\/wordpress\\\/la-olmeda-soria-en-el-vecindario-de-la-corona-de-castilla-de-1646\\\/\",\"name\":\"La Olmeda (Soria) en el Vecindario de la Corona de Castilla de 1646 | \\u24c0\\u24de\\u24d2\\u24d7\\u24d8\\u24e2\\u24d4 \\u06de\",\"description\":\"La Olmeda (Soria) en el Vecindario de las ciudades, villas y lugares de la Corona de Castilla de 1646\",\"inLanguage\":\"es-ES\",\"isPartOf\":{\"@id\":\"https:\\\/\\\/kochise.com.es\\\/wordpress\\\/#website\"},\"breadcrumb\":{\"@id\":\"https:\\\/\\\/kochise.com.es\\\/wordpress\\\/la-olmeda-soria-en-el-vecindario-de-la-corona-de-castilla-de-1646\\\/#breadcrumblist\"},\"author\":{\"@id\":\"https:\\\/\\\/kochise.com.es\\\/wordpress\\\/author\\\/ricardo-sanz-aguilera\\\/#author\"},\"creator\":{\"@id\":\"https:\\\/\\\/kochise.com.es\\\/wordpress\\\/author\\\/ricardo-sanz-aguilera\\\/#author\"},\"datePublished\":\"2019-07-17T19:21:05+01:00\",\"dateModified\":\"2023-01-28T12:02:55+01:00\"},{\"@type\":\"WebSite\",\"@id\":\"https:\\\/\\\/kochise.com.es\\\/wordpress\\\/#website\",\"url\":\"https:\\\/\\\/kochise.com.es\\\/wordpress\\\/\",\"name\":\"\\u24c0\\u24de\\u24d2\\u24d7\\u24d8\\u24e2\\u24d4 \\u06de\",\"description\":\"\\u2623 Freestyler - Ich poste, was ich mag und mich interessiert\",\"inLanguage\":\"es-ES\",\"publisher\":{\"@id\":\"https:\\\/\\\/kochise.com.es\\\/wordpress\\\/#organization\"}}]}\n\t\t<\/script>\n\t\t<!-- All in One SEO -->\n\n","aioseo_head_json":{"title":"La Olmeda (Soria) en el Vecindario de la Corona de Castilla de 1646 | \u24c0\u24de\u24d2\u24d7\u24d8\u24e2\u24d4 \u06de","description":"La Olmeda (Soria) en el Vecindario de las ciudades, villas y lugares de la Corona de Castilla de 1646","canonical_url":"https:\/\/kochise.com.es\/wordpress\/la-olmeda-soria-en-el-vecindario-de-la-corona-de-castilla-de-1646\/","robots":"max-image-preview:large","keywords":"la olmeda,soria,la olmeda (soria),vecindario,corona de castilla,1646,censo,etnograf\u00eda","webmasterTools":{"miscellaneous":""},"schema":{"@context":"https:\/\/schema.org","@graph":[{"@type":"Article","@id":"https:\/\/kochise.com.es\/wordpress\/la-olmeda-soria-en-el-vecindario-de-la-corona-de-castilla-de-1646\/#article","name":"La Olmeda (Soria) en el Vecindario de la Corona de Castilla de 1646 | \u24c0\u24de\u24d2\u24d7\u24d8\u24e2\u24d4 \u06de","headline":"La Olmeda (Soria) en el Vecindario de la Corona de Castilla de 1646","author":{"@id":"https:\/\/kochise.com.es\/wordpress\/author\/ricardo-sanz-aguilera\/#author"},"publisher":{"@id":"https:\/\/kochise.com.es\/wordpress\/#organization"},"image":{"@type":"ImageObject","url":"https:\/\/kochise.com.es\/wordpress\/wp-content\/uploads\/2019\/07\/00000O5W-4.jpg","@id":"https:\/\/kochise.com.es\/wordpress\/la-olmeda-soria-en-el-vecindario-de-la-corona-de-castilla-de-1646\/#articleImage","width":711,"height":235},"datePublished":"2019-07-17T19:21:05+01:00","dateModified":"2023-01-28T12:02:55+01:00","inLanguage":"es-ES","mainEntityOfPage":{"@id":"https:\/\/kochise.com.es\/wordpress\/la-olmeda-soria-en-el-vecindario-de-la-corona-de-castilla-de-1646\/#webpage"},"isPartOf":{"@id":"https:\/\/kochise.com.es\/wordpress\/la-olmeda-soria-en-el-vecindario-de-la-corona-de-castilla-de-1646\/#webpage"},"articleSection":"Etnograf\u00eda, 1646, censo, corona de castilla, La Olmeda, la olmeda (soria), Soria, vecindario"},{"@type":"BreadcrumbList","@id":"https:\/\/kochise.com.es\/wordpress\/la-olmeda-soria-en-el-vecindario-de-la-corona-de-castilla-de-1646\/#breadcrumblist","itemListElement":[{"@type":"ListItem","@id":"https:\/\/kochise.com.es\/wordpress#listItem","position":1,"name":"Home","item":"https:\/\/kochise.com.es\/wordpress","nextItem":{"@type":"ListItem","@id":"https:\/\/kochise.com.es\/wordpress\/category\/etnografia\/#listItem","name":"Etnograf\u00eda"}},{"@type":"ListItem","@id":"https:\/\/kochise.com.es\/wordpress\/category\/etnografia\/#listItem","position":2,"name":"Etnograf\u00eda","item":"https:\/\/kochise.com.es\/wordpress\/category\/etnografia\/","nextItem":{"@type":"ListItem","@id":"https:\/\/kochise.com.es\/wordpress\/la-olmeda-soria-en-el-vecindario-de-la-corona-de-castilla-de-1646\/#listItem","name":"La Olmeda (Soria) en el Vecindario de la Corona de Castilla de 1646"},"previousItem":{"@type":"ListItem","@id":"https:\/\/kochise.com.es\/wordpress#listItem","name":"Home"}},{"@type":"ListItem","@id":"https:\/\/kochise.com.es\/wordpress\/la-olmeda-soria-en-el-vecindario-de-la-corona-de-castilla-de-1646\/#listItem","position":3,"name":"La Olmeda (Soria) en el Vecindario de la Corona de Castilla de 1646","previousItem":{"@type":"ListItem","@id":"https:\/\/kochise.com.es\/wordpress\/category\/etnografia\/#listItem","name":"Etnograf\u00eda"}}]},{"@type":"Organization","@id":"https:\/\/kochise.com.es\/wordpress\/#organization","name":"\u24c0\u24de\u24d2\u24d7\u24d8\u24e2\u24d4     \u06de","description":"\u2623 Freestyler - Ich poste, was ich mag und mich interessiert","url":"https:\/\/kochise.com.es\/wordpress\/"},{"@type":"Person","@id":"https:\/\/kochise.com.es\/wordpress\/author\/ricardo-sanz-aguilera\/#author","url":"https:\/\/kochise.com.es\/wordpress\/author\/ricardo-sanz-aguilera\/","name":"Ricardo Sanz","image":{"@type":"ImageObject","@id":"https:\/\/kochise.com.es\/wordpress\/la-olmeda-soria-en-el-vecindario-de-la-corona-de-castilla-de-1646\/#authorImage","url":"https:\/\/secure.gravatar.com\/avatar\/bf3018dd57eb041d2ca5bd5b54b687073a5f9f7dc451745040e5e9439702a183?s=96&d=mm&r=g","width":96,"height":96,"caption":"Ricardo Sanz"}},{"@type":"WebPage","@id":"https:\/\/kochise.com.es\/wordpress\/la-olmeda-soria-en-el-vecindario-de-la-corona-de-castilla-de-1646\/#webpage","url":"https:\/\/kochise.com.es\/wordpress\/la-olmeda-soria-en-el-vecindario-de-la-corona-de-castilla-de-1646\/","name":"La Olmeda (Soria) en el Vecindario de la Corona de Castilla de 1646 | \u24c0\u24de\u24d2\u24d7\u24d8\u24e2\u24d4 \u06de","description":"La Olmeda (Soria) en el Vecindario de las ciudades, villas y lugares de la Corona de Castilla de 1646","inLanguage":"es-ES","isPartOf":{"@id":"https:\/\/kochise.com.es\/wordpress\/#website"},"breadcrumb":{"@id":"https:\/\/kochise.com.es\/wordpress\/la-olmeda-soria-en-el-vecindario-de-la-corona-de-castilla-de-1646\/#breadcrumblist"},"author":{"@id":"https:\/\/kochise.com.es\/wordpress\/author\/ricardo-sanz-aguilera\/#author"},"creator":{"@id":"https:\/\/kochise.com.es\/wordpress\/author\/ricardo-sanz-aguilera\/#author"},"datePublished":"2019-07-17T19:21:05+01:00","dateModified":"2023-01-28T12:02:55+01:00"},{"@type":"WebSite","@id":"https:\/\/kochise.com.es\/wordpress\/#website","url":"https:\/\/kochise.com.es\/wordpress\/","name":"\u24c0\u24de\u24d2\u24d7\u24d8\u24e2\u24d4 \u06de","description":"\u2623 Freestyler - Ich poste, was ich mag und mich interessiert","inLanguage":"es-ES","publisher":{"@id":"https:\/\/kochise.com.es\/wordpress\/#organization"}}]},"og:locale":"es_ES","og:site_name":"\u24c0\u24de\u24d2\u24d7\u24d8\u24e2\u24d4     \u06de | \u2623 Freestyler - Ich poste, was ich mag und mich interessiert","og:type":"article","og:title":"La Olmeda (Soria) en el Vecindario de la Corona de Castilla de 1646 | \u24c0\u24de\u24d2\u24d7\u24d8\u24e2\u24d4 \u06de","og:description":"La Olmeda (Soria) en el Vecindario de las ciudades, villas y lugares de la Corona de Castilla de 1646","og:url":"https:\/\/kochise.com.es\/wordpress\/la-olmeda-soria-en-el-vecindario-de-la-corona-de-castilla-de-1646\/","article:published_time":"2019-07-17T18:21:05+00:00","article:modified_time":"2023-01-28T11:02:55+00:00","twitter:card":"summary","twitter:title":"La Olmeda (Soria) en el Vecindario de la Corona de Castilla de 1646 | \u24c0\u24de\u24d2\u24d7\u24d8\u24e2\u24d4 \u06de","twitter:description":"La Olmeda (Soria) en el Vecindario de las ciudades, villas y lugares de la Corona de Castilla de 1646"},"aioseo_meta_data":{"post_id":"9517","title":"La Olmeda (Soria) en el Vecindario de la Corona de Castilla de 1646 | #site_title","description":"La Olmeda (Soria) en el Vecindario de las ciudades, villas y lugares de la Corona de Castilla de 1646","keywords":[{"label":"la olmeda","value":"la olmeda"},{"label":"soria","value":"soria"},{"label":"la olmeda (soria)","value":"la olmeda (soria)"},{"label":"vecindario","value":"vecindario"},{"label":"corona de castilla","value":"corona de castilla"},{"label":"1646","value":"1646"},{"label":"censo","value":"censo"}],"keyphrases":null,"primary_term":null,"canonical_url":null,"og_title":null,"og_description":null,"og_object_type":"default","og_image_type":"default","og_image_url":null,"og_image_width":null,"og_image_height":null,"og_image_custom_url":null,"og_image_custom_fields":null,"og_video":null,"og_custom_url":null,"og_article_section":null,"og_article_tags":null,"twitter_use_og":false,"twitter_card":"default","twitter_image_type":"default","twitter_image_url":null,"twitter_image_custom_url":null,"twitter_image_custom_fields":null,"twitter_title":null,"twitter_description":null,"schema":{"blockGraphs":[],"customGraphs":[],"default":{"data":{"Article":[],"Course":[],"Dataset":[],"FAQPage":[],"Movie":[],"Person":[],"Product":[],"ProductReview":[],"Car":[],"Recipe":[],"Service":[],"SoftwareApplication":[],"WebPage":[]},"graphName":"","isEnabled":true},"graphs":[],"defaultGraph":"","defaultPostTypeGraph":""},"schema_type":null,"schema_type_options":null,"pillar_content":false,"robots_default":true,"robots_noindex":false,"robots_noarchive":false,"robots_nosnippet":false,"robots_nofollow":false,"robots_noimageindex":false,"robots_noodp":false,"robots_notranslate":false,"robots_max_snippet":null,"robots_max_videopreview":null,"robots_max_imagepreview":"large","priority":null,"frequency":null,"local_seo":null,"breadcrumb_settings":null,"limit_modified_date":false,"ai":null,"created":"2020-12-29 13:17:30","updated":"2023-01-28 11:03:46","seo_analyzer_scan_date":null,"focus_keyword":null,"additional_keywords":null,"truseo_locale":null},"aioseo_breadcrumb":"<div class=\"aioseo-breadcrumbs\"><span class=\"aioseo-breadcrumb\">\n\t\t\t<a href=\"https:\/\/kochise.com.es\/wordpress\" title=\"Home\">Home<\/a>\n\t\t<\/span><span class=\"aioseo-breadcrumb-separator\">\u00bb<\/span><span class=\"aioseo-breadcrumb\">\n\t\t\t<a href=\"https:\/\/kochise.com.es\/wordpress\/category\/etnografia\/\" title=\"Etnograf\u00eda\">Etnograf\u00eda<\/a>\n\t\t<\/span><span class=\"aioseo-breadcrumb-separator\">\u00bb<\/span><span class=\"aioseo-breadcrumb\">\n\t\t\tLa Olmeda (Soria) en el Vecindario de la Corona de Castilla de 1646\n\t\t<\/span><\/div>","aioseo_breadcrumb_json":[{"label":"Home","link":"https:\/\/kochise.com.es\/wordpress"},{"label":"Etnograf\u00eda","link":"https:\/\/kochise.com.es\/wordpress\/category\/etnografia\/"},{"label":"La Olmeda (Soria) en el Vecindario de la Corona de Castilla de 1646","link":"https:\/\/kochise.com.es\/wordpress\/la-olmeda-soria-en-el-vecindario-de-la-corona-de-castilla-de-1646\/"}],"_links":{"self":[{"href":"https:\/\/kochise.com.es\/wordpress\/wp-json\/wp\/v2\/posts\/9517","targetHints":{"allow":["GET"]}}],"collection":[{"href":"https:\/\/kochise.com.es\/wordpress\/wp-json\/wp\/v2\/posts"}],"about":[{"href":"https:\/\/kochise.com.es\/wordpress\/wp-json\/wp\/v2\/types\/post"}],"author":[{"embeddable":true,"href":"https:\/\/kochise.com.es\/wordpress\/wp-json\/wp\/v2\/users\/2"}],"replies":[{"embeddable":true,"href":"https:\/\/kochise.com.es\/wordpress\/wp-json\/wp\/v2\/comments?post=9517"}],"version-history":[{"count":81,"href":"https:\/\/kochise.com.es\/wordpress\/wp-json\/wp\/v2\/posts\/9517\/revisions"}],"predecessor-version":[{"id":9656,"href":"https:\/\/kochise.com.es\/wordpress\/wp-json\/wp\/v2\/posts\/9517\/revisions\/9656"}],"wp:attachment":[{"href":"https:\/\/kochise.com.es\/wordpress\/wp-json\/wp\/v2\/media?parent=9517"}],"wp:term":[{"taxonomy":"category","embeddable":true,"href":"https:\/\/kochise.com.es\/wordpress\/wp-json\/wp\/v2\/categories?post=9517"},{"taxonomy":"post_tag","embeddable":true,"href":"https:\/\/kochise.com.es\/wordpress\/wp-json\/wp\/v2\/tags?post=9517"}],"curies":[{"name":"wp","href":"https:\/\/api.w.org\/{rel}","templated":true}]}}