{"id":9863,"date":"2019-09-20T17:15:14","date_gmt":"2019-09-20T16:15:14","guid":{"rendered":"http:\/\/kochise.com.es\/wordpress\/?p=9863"},"modified":"2025-06-19T19:38:17","modified_gmt":"2025-06-19T18:38:17","slug":"la-olmeda-soria-sede-de-la-junta-de-las-tres-casas","status":"publish","type":"post","link":"https:\/\/kochise.com.es\/wordpress\/la-olmeda-soria-sede-de-la-junta-de-las-tres-casas\/","title":{"rendered":"La Olmeda (Soria), sede de la Junta de las Tres Casas"},"content":{"rendered":"<div class=\"su-heading su-heading-style-default su-heading-align-center\" id=\"\" style=\"font-size:20px;margin-bottom:30px\"><div class=\"su-heading-inner\">LA OLMEDA (SORIA), SEDE DE LA JUNTA DE LAS TRES CASAS DE LA OLMEDA (OSMA, SAN ESTEBAN Y GORMAZ)<\/div><\/div>\n<p><img loading=\"lazy\" decoding=\"async\" class=\"alignnone size-large\" src=\"https:\/\/kochise.com.es\/wordpress\/wp-content\/uploads\/2017\/La_Olmeda_Descripcion_historica_del_obispado_de_osma_1787.jpg\" width=\"1920\" height=\"1080\" \/><\/p>\n<p style=\"text-align: justify;\">La Olmeda es una peque\u00f1a localidad situada al sudeste de Osma, en una extensa llanura a orillas del r\u00edo Sequillo, inmediato a su uni\u00f3n con el Ucero y poco antes de que \u00e9ste tribute sus aguas al Duero. Hist\u00f3ricamente ha formado parte del municipio de Osma, estando integrada en la actualidad en el de El Burgo de Osma-Ciudad de Osma, tras la fusi\u00f3n de ambos t\u00e9rminos jurisdiccionales. Como n\u00facleo de poblaci\u00f3n, La Olmeda ha disfrutado de una dilatada historia. Quiz\u00e1 su mayor resonancia derive del hecho de haber servido como sede de reuniones de la <strong><em>Junta de las Tres Casas de La Olmeda<\/em><\/strong>, sociedad a la que aport\u00f3 su nombre.<br \/>\n<!--more--><\/p>\n<hr \/>\n<p><strong>LA JUNTA DE LAS TRES CASAS DE LA OLMEDA (OSMA, SAN ESTEBAN Y GORMAZ)<\/strong><b><br \/>\n<\/b><\/p>\n<p style=\"text-align: justify;\">Hay un documento no muy conocido que refiere a una realidad institucional que vinculaba a San Esteban, Gormaz y Osma en lo que se conoce como Las Tres Casas de la Olmeda. Se conserva en el archivo de los Duques de Fr\u00edas, en la secci\u00f3n Nobleza del AHN (Fr\u00edas 835\/1. Caja 234, n\u00fam. 1.), en un original de 1486. Se trata de una confirmaci\u00f3n de fuero que incluye traslados anteriores de Juan II, Alfonso XI y Alfonso X, siendo en el de \u00e9ste \u00faltimo cuando se dice en 1256 que &#8220;vi privillegio del conde Ferr\u00e1n Gon\u00e7\u00e1lez, en que les daba fuero de como vesquisen&#8221;. De ser cierto lo que dice el documento, ya en \u00e9poca del conde Fern\u00e1n Gonz\u00e1lez podr\u00eda haber existido un peque\u00f1o fuero que establece la existencia de una suerte de mancomunidad entre los territorios de las tres localidades.<\/p>\n<p style=\"text-align: justify;\">Esta instituci\u00f3n medieval resulta especialmente fascinante por sus caracter\u00edsticas de mancomunidad entre tres <a href=\"https:\/\/upload.wikimedia.org\/wikipedia\/commons\/thumb\/c\/c8\/Comunidades_de_Villa_y_Tierra.svg\/1024px-Comunidades_de_Villa_y_Tierra.svg.png\" target=\"_blank\" rel=\"noopener\" rel=\"lightbox[9863]\">organismos sorianos de Villa y Tierra<\/a>, Osma, Gormaz y San Esteban, para aprovechar comunalmente sus bienes de pastos, le\u00f1a y agua como si fueran una sola entidad. La colectividad de las Tres Casas de La Olmeda ya se nombra en Los Anales Castellanos, en referencia a la \u00e9poca del conde castellano Sancho Garc\u00eda (995-1017), por lo que la constante menci\u00f3n en la documentaci\u00f3n hist\u00f3rica relativa a su fundaci\u00f3n en tiempos de Fern\u00e1n Gonz\u00e1lez es un dato que confirman otras fuentes hist\u00f3ricas y que, por tanto, puede aceptarse.<\/p>\n<p style=\"text-align: justify;\">Hist\u00f3ricamente, la <a href=\"https:\/\/es.wikipedia.org\/wiki\/Comunidad_de_villa_y_tierra\" target=\"_blank\" rel=\"noopener\">Comunidad de Villa y Tierra<\/a> era una instituci\u00f3n pol\u00edtica castellana, un ente jur\u00eddico aut\u00f3nomo que naci\u00f3 libremente como un sistema de autogobierno que distribu\u00eda justicia y autoridad entre sus vecinos y ordenaba en comunidad el aprovechamiento de las aguas, de las tierras y de los pinares. Se form\u00f3 con la suma de antiguas costumbres m\u00e1s las necesidades propias de la \u00e9poca.<\/p>\n<hr \/>\n<p><strong>EL PRIVILEGIO DE LAS TRES CASAS DE LA OLMEDA<\/strong><\/p>\n<p style=\"text-align: justify;\">Los privilegios que se conceden a estas Tres Casas: &#8220;&#8230;<i>que ovie[sen] estas villas sobredichas una vida e un fuero en <\/i><u> pas\u00e7er<\/u> (explotar la riqueza de pastos)<i> e en <\/i><u> yacer<\/u> (circular y residir libremente)<i> e en <\/i><u> cortar<\/u> (gesti\u00f3n del aprovechamiento y de la tala de sus bosques)<i> en sus t\u00e9rminos as\u00ed con si fuesen una villa&#8221;. <\/i>Para gestionar todas estas actividades se creo la <em>Junta General de las Tres Casas<\/em> que era la encargada de reglamentar e imponer sanciones a los concejos o lugares que no respetasen las normas.<\/p>\n<p style=\"text-align: justify;\">No hay documento que acredite directamente la concesi\u00f3n de este Fuero por parte del Conde Fern\u00e1n Gonz\u00e1lez. Habitualmente se considera como primer documento conocido y confirmatorio del privilegio de las Tres Casas de La Olmeda el emitido por <a href=\"https:\/\/es.wikipedia.org\/wiki\/Fernando_III_de_Castilla\" target=\"_blank\" rel=\"noopener\">Fernando III<\/a> en Mu\u00f1\u00f3, el 18 de febrero de 1226, en el que resuelve la disputa entre Alcozar y San Esteban de Gormaz sobre el aprovechamiento de los pastos de la dehesa y los l\u00edmites territoriales y que ratifica indirectamente los usos que se derivaban de la pr\u00e1ctica tradicional en aquellos momentos, consecuencia de la existencia del aprovechamiento comunal entre los integrantes de una misma organizaci\u00f3n.<\/p>\n<p style=\"text-align: justify;\">Siendo exactos, el primer texto en el que consta documentalmente el privilegio de las Tres Casas de La Olmeda es el de <a href=\"https:\/\/es.wikipedia.org\/wiki\/Alfonso_X_de_Castilla\" target=\"_blank\" rel=\"noopener\">Alfonso X<\/a> (Segovia, 13 de agosto de 1256). En el breve texto se presentan dos informaciones relevantes: en primer lugar, el origen del privilegio, el conde Fern\u00e1n Gonz\u00e1lez; despu\u00e9s, el objeto del documento, la concesi\u00f3n de fueros y, entre otras d\u00e1divas, el privilegio de las Tres Casas de La Olmeda, para aprovechar conjuntamente sus territorios como si fuesen un solo t\u00e9rmino jurisdiccional.<\/p>\n<p style=\"text-align: justify;\">Este documento ser\u00e1 confirmado por sucesivos reyes (<a href=\"https:\/\/es.wikipedia.org\/wiki\/Alfonso_XI_de_Castilla\" target=\"_blank\" rel=\"noopener\">Alfonso XI<\/a> , 1339; <a href=\"https:\/\/es.wikipedia.org\/wiki\/Juan_II_de_Castilla\" target=\"_blank\" rel=\"noopener\">Juan II<\/a>, 1443; <a href=\"https:\/\/es.wikipedia.org\/wiki\/Luis_I_de_Espa%C3%B1a\" target=\"_blank\" rel=\"noopener\">Luis I<\/a>, 1724; <a href=\"https:\/\/es.wikipedia.org\/wiki\/Felipe_V_de_Espa%C3%B1a\" target=\"_blank\" rel=\"noopener\">Felipe V<\/a>, 1733; <a href=\"https:\/\/es.wikipedia.org\/wiki\/Fernando_VI_de_Espa%C3%B1a\" target=\"_blank\" rel=\"noopener\">Fernando VI<\/a>, 1755; <a href=\"https:\/\/es.wikipedia.org\/wiki\/Carlos_III_de_Espa%C3%B1a\" target=\"_blank\" rel=\"noopener\">Carlos III<\/a>, 1769). Finalmente, <a href=\"https:\/\/es.wikipedia.org\/wiki\/Fernando_VII_de_Espa%C3%B1a\" target=\"_blank\" rel=\"noopener\">Fernando VII<\/a> (21 de marzo de 1817) vuelve a corroborar la merced, a petici\u00f3n del ayuntamiento de Osma, una vez \u201c<em>vista esta instancia en mi Consejo de la C\u00e1mara con el mencionado Privilegio Original y dem\u00e1s documentos<\/em>\u201d.<\/p>\n<hr \/>\n<p><strong>LA SEDE DE REUNIONES EN LA OLMEDA: LA CASA DE LAS TRES JURISDICCIONES<\/strong><\/p>\n<p style=\"text-align: justify;\">Cada a\u00f1o, representantes de las Tres Casas se reun\u00edan en su sede de La Olmeda para celebrar junta y \u201c<em>para effecutar \u00e9 levar las penas \u00e9 calonas a los Concejos \u00e9 Logares \u00e9 personas que en ellas cahen como para facer \u00e9 ordenar otras cossas a las dichas Coffas [sic; = Casas] necesarias<\/em>\u201d.<\/p>\n<p style=\"text-align: justify;\">Esta mancomunidad todav\u00eda estaba activa en 1817, pero ya disminuida en sus atribuciones. <strong>El organismo de las Tres Casas de La Olmeda prolong\u00f3 su existencia desde la \u00e9poca medieval hasta el siglo XIX, cuando se dinamitaron las estructuras del Antiguo R\u00e9gimen<\/strong>. Concretamente fue una Real Orden de 31 de mayo de 1837 la que disolvi\u00f3 \u201c<em>las Juntas generales de tierra o llamense Unibersidades por no tener objeto aquella especie de Ayuntamiento[s] generales<\/em>\u201d, por lo que deja de autogestionar sus propiedades. La Diputaci\u00f3n Provincial de Soria, finalmente, acuerda en 1841 el &#8220;<em>cese en todas sus funciones la titulada Junta de las Tres Casas<\/em>&#8220;, con lo que qued\u00f3 oficialmente extinguida.<\/p>\n<p style=\"text-align: justify;\">Asumida la administraci\u00f3n de los montes de la exasociaci\u00f3n por la Diputaci\u00f3n Provincial de Soria, <strong>la instituci\u00f3n medieval comunitaria de las Tres Casas de La Olmeda perdi\u00f3 su raz\u00f3n de ser, pero conserv\u00f3 algunas propiedades, entre ellas el edificio en que celebraba sus reuniones o juntas, ubicado en la localidad de su nombre, as\u00ed como otros objetos y libros de la organizaci\u00f3n<\/strong>.<\/p>\n<p style=\"text-align: justify;\">Pocas referencias quedan del edificio sede de la instituci\u00f3n. M. Blasco escribe en una fecha (1880) en que su estado ya es precario, pero es una fuente de primera mano para conocer algunos aspectos de su estructura original. Seg\u00fan este autor, \u201c<em>todav\u00eda se conserva, si bien arruinada, la casa donde desde la \u00e9poca de Fernan Gonz\u00e1lez celebraban sus juntas los concejos de Osma, San Esteban y Gorm\u00e1z; dicha casa constru\u00edda de ladrillo, se compon\u00eda de piso bajo y otro en lo alto sostenido por un soportal: \u00e1 la entrada y derecha del bajo estaba la sala de sesiones con el retrato del Conde pintado en lienzo, incrustado en la pared y guardado en una especie de lacena con dos puertas; \u00e1 la derecha tres cocinas, y en el piso alto tres peque\u00f1os cuartos y otras tantas salas distribuidas por mitad \u00e1 derecha \u00e9 izquierda y separadas por un estrecho pasillo<\/em>\u201d, lo que permite suponer que cada Casa, Osma, San Esteban y Gormaz, dispon\u00eda de una zona propia para sus necesidades particulares, mientras estuviesen reunidas en junta de la asociaci\u00f3n.<\/p>\n<p style=\"text-align: justify;\"><strong>Esta sede, una vez perdida su funcionalidad al ser suprimida la entidad, se alquil\u00f3 al pueblo de La Olmeda, estableci\u00e9ndose las escuelas y utiliz\u00e1ndose tambi\u00e9n para celebrar las reuniones vecinales<\/strong>.<\/p>\n<p style=\"text-align: justify;\">Efectivamente, a mediados del siglo XIX\u00a0(Diccionario Madoz, 1849) se utilizaba como casa consistorial de la pedan\u00eda de La Olmeda. Pero el paso del tiempo y la falta de conservaci\u00f3n hicieron que su estado fuese empeorando. <strong>El alquiler persisti\u00f3 hasta 1876, cuando las condiciones de habitabilidad impedir\u00edan seguir utiliz\u00e1ndolo con normalidad para los fines habituales.<\/strong><\/p>\n<p style=\"text-align: justify;\">Habr\u00eda que esperar hasta 1881 que el alcalde de Osma informase a sus hom\u00f3logos de Gormaz y San Esteban de la p\u00e9sima situaci\u00f3n en que se encontraba la sede de las Tres Casas de La Olmeda. Conocida tal circunstancia, el ayuntamiento de San Esteban acuerda sugerir al alcalde de Osma la convocatoria de una reuni\u00f3n para tratar el estado en que se encontraba el inmueble y su futuro.<\/p>\n<hr \/>\n<p><strong>UNA VENTA FRUSTRADA<\/strong><\/p>\n<p style=\"text-align: justify;\">Pero la propuesta de la corporaci\u00f3n sanestebe\u00f1a no tuvo \u00e9xito y transcurri\u00f3 un a\u00f1o largo hasta que el peligro de ruina motiv\u00f3 la convocatoria de la reuni\u00f3n de la <em>Junta de las Tres Casas de La Olmeda<\/em> para el 26 de abril de 1883. Los tres consistorios de la Excomunidad comisionan a sus representantes con la finalidad de liquidar la cuenta del alquiler de los \u00faltimos a\u00f1os, estando facultados, si fuera preciso, para vender el inmueble.<\/p>\n<p style=\"text-align: justify;\">La reuni\u00f3n de 26 de abril de 1883 alcanz\u00f3 los objetivos previstos. Se rindieron cuentas del arrendamiento del edificio hasta 1876 y se repartieron entre los tres integrantes de la asociaci\u00f3n, Osma, Gormaz y San Esteban, los ingresos obtenidos, correspondiendo a cada municipio 65 pesetas. Adem\u00e1s, se indica que el cuadro de Fern\u00e1n Gonz\u00e1lez se ha trasladado \u201c<em>provisionalmente<\/em>\u201d al ayuntamiento de Osma. Tambi\u00e9n se acuerda verbalmente vender la sede de las Tres Casas de La Olmeda a los vecinos de esta poblaci\u00f3n por 2.300 reales en mano o 2.400 a plazos (575 \u00f3 600 pesetas. respectivamente), reserv\u00e1ndose la excomunidad el derecho de uso para celebrar reuniones relacionadas con esta instituci\u00f3n. Los acuerdos deb\u00edan ser ratificados por los respectivos ayuntamientos. Sin embargo, la proyectada venta no se efectuar\u00eda, ya que los vecinos de La Olmeda rechazaron tal posibilidad, seguramente porque les parec\u00eda una cantidad muy elevada.<\/p>\n<p style=\"text-align: justify;\">El alcalde de Osma informa de la nueva coyuntura a su hom\u00f3logo sanestebe\u00f1o. En tal circunstancia, la corporaci\u00f3n de San Esteban decide nombrar una comisi\u00f3n delegada para negociar la demolici\u00f3n o la cesi\u00f3n de la sede de esta excomunidad al pueblo de La Olmeda, con reserva de los derechos oportunos. En este caso, el objetivo de la cita ya no es la \u201c<em>enagenacion<\/em>\u201d indicada en abril de este a\u00f1o; ahora es \u201c<em>la demolicion\u2026 \u00f3\u2026 la donacion<\/em>\u201d de la sede de las Tres Casas de La Olmeda, por su estado de irreparable ruina.<\/p>\n<p style=\"text-align: justify;\">El 24 de septiembre de 1883 se reunieron en la poblaci\u00f3n de La Olmeda los comisionados de la ciudad de Osma, los integrantes de la delegaci\u00f3n de Gormaz y los de San Esteban. Asistieron tambi\u00e9n el alcalde ped\u00e1neo del barrio de La Olmeda, Domingo Delgado, y los vocales de la junta administrativa local Melchor Ortega y Juli\u00e1n Blanco, acompa\u00f1ados, al menos, por sus vecinos Pedro Carazo, F\u00e9lix Ruiz, Cosme Aguilera, Andr\u00e9s Ortega, Evaristo Gim\u00e9nez, Valent\u00edn Arribas, Francisco Carazo, Maximino Soriano y Santiago Molina; es decir, teniendo en cuenta los datos de poblaci\u00f3n reflejados anteriormente, una mayor\u00eda de los cabezas de familia de la localidad.<\/p>\n<hr \/>\n<p><strong>DESTINO FINAL<\/strong><\/p>\n<p style=\"text-align: justify;\">Una reuni\u00f3n tan numerosa acab\u00f3 por dar uno de los dos resultados previstos: <strong>se acord\u00f3 donar a La Olmeda el emblem\u00e1tico edificio<\/strong>, sede durante varios siglos de la junta de las Tres Casas, \u201c<em>tal y cual en la forma que se encuentra<\/em>\u201d, para que pueda ser utilizado con la misma finalidad que hasta entonces ten\u00eda, adem\u00e1s de \u201c<em>casa para el Maestro de instrucci\u00f3n p\u00fablica<\/em>\u201d.<\/p>\n<p style=\"text-align: justify;\">El mal estado del edificio impon\u00eda su derribo y construcci\u00f3n de nueva planta y hasta los materiales del inmueble, siempre reaprovechados en estas fechas, y el solar, son donados por los representantes de Osma, San Esteban y Gormaz. S\u00f3lo ponen <strong>dos condiciones<\/strong>: \u201c<em>reserv\u00e1ndose \u00fanicamente dichas Jurisdicciones el derecho de ocuparle, despues de reedificado, en cualquiera tiempo que tuvieran que reunirse para asuntos concernientes \u00e1 las mencionadas mancomunidades \u00f3 exmancomunidades, y que una vez reedificado dicho edificio se traslade \u00e1 \u00e9l el cuadro y retrato del citado Se\u00f1or Conde Fernan Gonzalez<\/em>\u201d.<\/p>\n<p style=\"text-align: justify;\">El alcalde ped\u00e1neo de La Olmeda, los dos vocales y los vecinos asistentes \u201c<em>manifestaron estar sumamente agradecidos de la donacion que les hacen los representantes de las tres Jurisdicciones<\/em>\u201d, compensando \u201c<em>su generosidad e hidalgu\u00eda<\/em>\u201d con una gratificaci\u00f3n de 450 pesetas, entregadas en el acto; 150 pesetas. para cada municipio. Adem\u00e1s consideran \u201c<em>una honra<\/em>\u201d, y no una carga, la utilizaci\u00f3n del edificio para asuntos de la exmancomunidad. En definitiva, parece una venta encubierta, revestida de donaci\u00f3n compensada, obteniendo los habitantes de La Olmeda una rebaja de 125 pesetas sobre el precio fijado inicialmente.<\/p>\n<p style=\"text-align: justify;\">As\u00ed quedaba finiquitada la cuesti\u00f3n del inmueble de la instituci\u00f3n medieval de las Tres Casas de La Olmeda, pasando la mansi\u00f3n representativa de la entidad a formar parte de la infraestructura urbana de la peque\u00f1a localidad soriana. <strong>En su lugar se erigi\u00f3 un edificio para uso de la localidad, tal como se hab\u00eda acordado en la reuni\u00f3n de 24 de septiembre de 1883<\/strong>.<\/p>\n<p><img loading=\"lazy\" decoding=\"async\" class=\"alignnone \" src=\"https:\/\/kochise.com.es\/wordpress\/wp-content\/uploads\/2018\/LaOlmeda\/CasaConsistorial_opt.jpg\" width=\"324\" height=\"187\" \/><img loading=\"lazy\" decoding=\"async\" class=\"alignnone \" src=\"https:\/\/kochise.com.es\/wordpress\/wp-content\/uploads\/2018\/LaOlmeda\/CasaConsistorial2_opt.jpg\" width=\"324\" height=\"187\" \/><\/p>\n<p style=\"text-align: justify;\"><strong>El inmueble reedificado, sustituto de la antigua sede de las Tres Casas de La Olmeda, que ha llegado hasta hoy est\u00e1 dividido en dos zonas, con sus respectivas puertas de acceso<\/strong>. La parte de la derecha era la casa del maestro y la de la izquierda estaba destinada a Ayuntamiento y escuela. Al parecer, en un principio, la escuela estaba en la parte inferior, aunque finalmente se cambi\u00f3, destin\u00e1ndose la planta baja a local municipal y la superior para aula de los ni\u00f1os de la localidad, donde a\u00fan se conservan pupitres, mapas y otros materiales que delatan su utilidad. Con respecto a la casa del maestro, en la subida al desv\u00e1n se hallaba el escudo indicativo de la funci\u00f3n de una parte del edificio: \u201cDireccion Gral. de Instruccion Publica\u201d.<\/p>\n<hr \/>\n<p><strong>EL ARCA DE LAS TRES LLAVES Y EL CUADRO DEL RETRATO DE FERN\u00c1N GONZ\u00c1LEZ<\/strong><\/p>\n<p style=\"text-align: justify;\">Pero de su patrimonio hist\u00f3rico debi\u00f3 quedar el archivo, custodiado en la famosa Arca de Tres Llaves, una por cada Casa, Osma, Gormaz y San Esteban, que deb\u00edan abrir conjuntamente, y el c\u00e9lebre cuadro de Fern\u00e1n Gonz\u00e1lez.<\/p>\n<p><img loading=\"lazy\" decoding=\"async\" class=\"alignnone \" src=\"https:\/\/dl.dropboxusercontent.com\/s\/c8bd6m4pd5kpwro\/Arca-de-las-Tres-Llaves-2003.png\" width=\"238\" height=\"310\" \/><img loading=\"lazy\" decoding=\"async\" class=\"alignnone \" src=\"https:\/\/dl.dropboxusercontent.com\/s\/scvquxzwz29m6tq\/Arca-de-las-Tres-Llaves-2021.jpg\" width=\"410\" height=\"315\" \/><\/p>\n<p style=\"text-align: justify;\">El Arca de las Tres Llaves de la instituci\u00f3n de las Tres Casas de la Olmeda se encuentra en el Sal\u00f3n de Juntas del Ayuntamiento de El Burgo de Osma, en un rinc\u00f3n sin darle la m\u00e1s m\u00ednima relevancia, en el mismo estado y en el mismo lugar donde se depositara en el momento de su traslado.<\/p>\n<p style=\"text-align: justify;\">Con respecto a este legado documental y art\u00edstico, a\u00fan permanece en el recuerdo la denuncia formulada por dos concejales de El Burgo de Osma, cuando el 17 de noviembre de 1988 dos personas cargaron un arca y varios objetos m\u00e1s de los locales de la pedan\u00eda de La Olmeda, entre ellos, al parecer, el cuadro de Fern\u00e1n Gonz\u00e1lez. Afortunadamente, hasta donde se conoce, la denuncia caus\u00f3 efecto, <a href=\"https:\/\/kochise.com.es\/wordpress\/el-intento-de-expolio-del-patrimonio-de-junta-de-las-tres-casas-de-la-olmeda-soria\/\" target=\"_blank\" rel=\"noopener\">se evit\u00f3 su intento de expolio<\/a> y los objetos fueron recuperados.<\/p>\n<p style=\"text-align: justify;\"><img loading=\"lazy\" decoding=\"async\" class=\"alignright\" src=\"https:\/\/i.postimg.cc\/ydkqdDRX\/20190917-112740-p0.jpg\" width=\"214\" height=\"260\" \/>Precisamente, una muestra del estado ruinoso de la sede de las Tres Casas de La Olmeda en el periodo contemplado, se percibe con nitidez en el hecho de trasladar \u201c<em>provisionalmente \u00e1 la Casa Consistorial de la Ciudad de Osma el cuadro \u00f3 retrato del Conde de Castilla Fernanz [sic] Gonzalez<\/em>\u201d, de lo que se informa el 26 de abril de 1883, en la reuni\u00f3n de la junta de la excomunidad. Y, recu\u00e9rdese, una de las condiciones en la donaci\u00f3n de la sede de la instituci\u00f3n fue que dicho lienzo se trasladase nuevamente a su lugar, al inmueble, cuando hubiese sido \u201c<em>reedificado<\/em>\u201d.<\/p>\n<p style=\"text-align: justify;\">El retrato volver\u00eda a La Olmeda, permaneciendo en el edificio reedificado hasta finales del siglo pasado, en que la por entonces alcaldesa ped\u00e1nea de La Olmeda permiti\u00f3, en circunstancias no aclaradas, que <a href=\"https:\/\/kochise.com.es\/wordpress\/el-intento-de-expolio-del-patrimonio-de-junta-de-las-tres-casas-de-la-olmeda-soria\/\" target=\"_blank\" rel=\"noopener\">el cuadro y el arca salieran del pueblo<\/a>. En fechas posteriores, el cuadro del primer conde independiente de Castilla se ubic\u00f3, junto al arca que serv\u00eda de archivo, en el Ayuntamiento de El Burgo de Osma, donde se encuentra en la actualidad, habiendo sido expuesto, por ejemplo, en el Hospital de San Agust\u00edn con motivo de la celebraci\u00f3n del IX centenario de la fundaci\u00f3n de la villa, en 2001.<\/p>\n<p style=\"text-align: justify;\">El lienzo muestra al conde castellano mirando al frente, protegido con una armadura, cubierta por un manto en su torso derecho y con la espada ce\u00f1ida al cuerpo; la mano izquierda apoya en la cintura, mientras que la derecha sostiene un bast\u00f3n de mando. En el \u00e1ngulo inferior izquierdo del cuadro hay una corona condal. Es un \u00f3leo sobre lienzo de 110 x 86 cm., fechado en el comienzo del reinado de Carlos IV, concretamente en 1789, siendo su autor Romualdo P\u00e9rez Camino, seg\u00fan se refleja en la leyenda existente en la parte inferior.<\/p>\n<hr \/>\n<p><strong>LA PIEDRA DE LOS TRES PUEBLOS<\/strong><\/p>\n<p style=\"text-align: justify;\">Como curiosidad, Antonio.Ruiz Vega mencionaba <strong>La piedra de los tres pueblos<\/strong>, una roca granate que le mostraron los vecinos de La Olmeda, \u201c<em>pues all\u00ed debi\u00f3 haber alg\u00fan rollo o moj\u00f3n que marcaba la intersecci\u00f3n de los tres t\u00e9rminos que all\u00ed juntaban y concordiaban<\/em>\u201d [A. RUIZ VEGA (1990), \u201cFern\u00e1n Gonz\u00e1lez tiene los ojos tristes\u2026 (La Olmeda, la Gernika soriana)\u201d, Soria Semanal, 30 de octubre, p. 6].<\/p>\n<p style=\"text-align: justify;\">Seg\u00fan manifestaciones recavadas de los actuales vecinos de cierta edad de La Olmeda, la verosimilitud de la existencia de tal piedra no est\u00e1 asegurada. No obstante, alguno relat\u00f3 recordar una piedra de color oscuro en el suelo en las proximidades de la puerta de la que se conoc\u00eda como \u201ccasa del t\u00edo Saturio\u201d, o tambi\u00e9n m\u00e1s recientemente como \u201ccasa de la t\u00eda Tomasa\u201d, en la calle lateral junto a la iglesia, y que fue cubierta por el cemento con el que est\u00e1 pavimentada la calle.<\/p>\n<hr \/>\n<p>NOTAS BIBLIOGR\u00c1FICAS<\/p>\n<p>Compendio y sinopsis realizado a partir de los estudios:<\/p>\n<ul>\n<li style=\"text-align: justify;\">&#8220;<em>La sede de juntas de las Tres Casas de la Olmeda<\/em>&#8221; (F\u00e9lix Garc\u00eda Palomar y Julia Garc\u00eda Palomar), ensayo sobre esta instituci\u00f3n medieval que perdur\u00f3 hasta el siglo XIX, ubicada a medio camino entre las antiguas demarcadiones de Villa y Tierra de San Esteban, Osma y Gormaz, publidado en &#8220;<a href=\"https:\/\/revistadesoria.dipsoria.es\/storage\/2021\/04\/Revista-de-Soria-no-41.pdf\" target=\"_blank\" rel=\"noopener\">Revista de Soria&#8221;, II\u00aa \u00e9poca, n\u00ba 41, Soria, 2003, pps. 23-33<\/a>, y en la p\u00e1gina web <span style=\"color: #000000;\"><a style=\"color: #000000;\" href=\"https:\/\/web.archive.org\/web\/20120626011923\/http:\/\/www.soriaymas.com\/ver.asp?tipo=articulo&amp;id=1053\" target=\"_blank\" rel=\"noopener\">soriaymas.com<\/a><\/span>.<\/li>\n<li style=\"text-align: justify;\">&#8220;<em>El Fuero de Fern\u00e1n Gonz\u00e1lez a San Esteban, Osma y Gormaz<\/em>&#8221; (Salvador Barrio Onrubia), estudio sobre el Fuero concedido por Fern\u00e1n Gonz\u00e1lez a las Tres Casas de la Olmeda que puede consultarse en la web <a href=\"http:\/\/piquera.sanesteban.com\/monografias\/fuero.htm\" target=\"_blank\" rel=\"noopener\">piquera.sanesteban.com<\/a> o descargarse <a href=\"http:\/\/www.codexdigitalis.com\/codexgormacensis\/Documentos\/Fuero.doc\" target=\"_blank\" rel=\"noopener\">AQU\u00ed<\/a>.<\/li>\n<li style=\"text-align: justify;\">&#8220;Fuero concedido por el Conde Fern\u00e1n-Gonz\u00e1lez a las &#8216;Tres Casas de la Olmeda&#8217;, que son: Osma, San Esteban y Gormaz&#8221; (Vicente N\u00fa\u00f1ez Marqu\u00e9s), publicado en el Bolet\u00edn de la Instituci\u00f3n Fern\u00e1n Gonz\u00e1lez. 1er trim. 1952, A\u00f1o 31, n. 118, p. 81-83, que puede consultarse <a href=\"http:\/\/riubu.ubu.es\/handle\/10259.4\/1036\" target=\"_blank\" rel=\"noopener\">AQU\u00cd<\/a>.<\/li>\n<\/ul>\n<p>REFERENCIAS DOCUMENTALES A LA JUNTA DE LAS TRES CASAS DE LA OLMEDA<\/p>\n<ul>\n<li><a href=\"https:\/\/bibliotecadigital.jcyl.es\/es\/catalogo_imagenes\/grupo.do?path=10067324\" target=\"_blank\" rel=\"noopener\"><span class=\"titulo\" title=\"Coleccion diplom\u00e1tica citada en la descripci\u00f3n hist\u00f3rica del Obispado de Osma\"><bdi>Coleccion diplom\u00e1tica citada en la descripci\u00f3n hist\u00f3rica del Obispado de Osma, tomo tercero, p. 69-75<\/bdi><\/span>\u00a0<\/a><span class=\"autor\">&#8211;\u00a0<bdi>Loperraez Corvalan, Juan<\/bdi> (1788).<\/span><\/li>\n<li style=\"text-align: justify;\"><a href=\"http:\/\/bdh.bne.es\/bnesearch\/detalle\/bdh0000013365\" target=\"_blank\" rel=\"noopener\">Diccionario Geogr\u00e1fico de Espa\u00f1a de Tom\u00e1s L\u00f3pez. Relaciones geogr\u00e1ficas enviadas a Tom\u00e1s L\u00f3pez por la villa de Gormaz (1796)<\/a>.<br \/>\n[165] &#8220;<em>tiene la villa de Gormaz y la de San Esteban de Gormaz y Ciudad de Osma hermandad de pastos y le\u00f1as, con t\u00edtulo de Tres Casas de la Olmeda en que entran todos los lugares de sus respectivas jurisdicciones, y otras villas, que la fund\u00f3 el Conde Fernan Gonzalez, y la confirm\u00f3 su hijo Garci Fernandez, y otros de nuestros se\u00f1ores Reyes, y ultimamente sus privilegios y ordenanzas los confirm\u00f3 el Sr. Rey Don Carlos III, que Santa Gloria goza<\/em>&#8220;.<\/li>\n<li style=\"text-align: justify;\"><a href=\"https:\/\/is.gd\/6U8wVs\" target=\"_blank\" rel=\"noopener\">Diccionario geografico-estadistico de Espana y Portugal, Volumen 6 .- Sebasti\u00e1n de Mi\u00f1ano (1827)<\/a>.<br \/>\nSobre Osma [p\u00e1g. 362]: &#8220;<em>Aqui esta la efigie dei condestable de Castilla Fernan Gonzalez que alcanz\u00f3 grandes victorias contra los moros especialmente en esta ciudad en San Esteban y en Gormaz por lo que las fueron concedidas muchos privilesios. El dia 1.\u00ba de mayo de cada a\u00f1o se juntan los tres ayuntamientos en la casa llamada de las Tres Jurisdicciones<\/em>&#8220;.<\/li>\n<li style=\"text-align: justify;\"><a href=\"https:\/\/is.gd\/8CdGqP\" target=\"_blank\" rel=\"noopener\">Diccionario geogr\u00e1fico-estad\u00edstico-hist\u00f3rico de Espa\u00f1a y sus posesiones de Ultramar, Tomo XXII.- Pascual Madoz (1849)<\/a>.<br \/>\nSobre La Olmeda [p\u00e1g. 248]: &#8220;<em>Tiene 42 casas; la consistorial, en la que celebraban sus juntas los concejos de Osma, San Esteban y Gormaz<\/em>&#8220;.<\/li>\n<li style=\"text-align: justify;\"><a href=\"https:\/\/bibliotecadigital.jcyl.es\/en\/catalogo_imagenes\/grupo.cmd?path=10066146\" target=\"_blank\" rel=\"noopener\">Nomencl\u00e1tor de Manuel Blasco<\/a> (1880), p\u00e1g. 461, respecto a San Esteban de Gormaz:<br \/>\n&#8220;<em>Era uno de los lugares del Se\u00f1or\u00edo del expresado Conde llamados con la ciudad de Osma, para deliberar en asamblea sobre asuntos de la mancomunidad en el peque\u00f1o palacio que hasta hace 30 a\u00f1os se vino conservando en La Olmeda, que se arruin\u00f3 despu\u00e9s y en los \u00faltimos a\u00f1os del siglo pasado se repar\u00f3 para escuela&#8221;.<\/em><\/li>\n<li style=\"text-align: justify;\"><a href=\"http:\/\/bibliotecadigital.jcyl.es\/es\/catalogo_imagenes\/grupo.cmd?path=10068866\" target=\"_blank\" rel=\"noopener\">La ribera soriana del Duero<\/a>.- Te\u00f3genes Ortego (1930)<br \/>\n[p\u00e1g. 67] &#8220;<em>ARQUITECTURA CIVIL Y RELIGIOSA. Est\u00e1 representada la arquitectura privada en la Comarca por casonas m\u00e1s menos amplias de tipo ciudadano y aspecto pac\u00edfico, como se ve en las rancias mansiones de San Esteban de Gormaz, Pe\u00f1alba de San Esteban, Atauta etc., en la casa de los antiguos Concejos de Osma, San Esteban y Gormaz, emplazada en La Olmeda, (&#8230;)<\/em>&#8220;.<br \/>\n[p\u00e1g. 83] &#8220;<em>En la Olmeda tuvo asiento una casona de aspecto se\u00f1orial donde en tiempo de Fern\u00e1n Gonz\u00e1lez, celebraban sus juntas los concejos de Osma, San Esteban y Gormaz.<\/em>&#8220;<\/li>\n<\/ul>\n<p>P\u00c1GINAS WEB CON REFERENCIAS A LA JUNTA DE LAS TRES CASAS DE LA OLMEDA<\/p>\n<ul>\n<li><a href=\"http:\/\/foroscastilla.org\/foros\/index.php?topic=12431.msg162266;topicseen#msg162266\" target=\"_blank\" rel=\"noopener\">foroscastilla.org | Sobre las antiguas instituciones populares castellanas (V)<\/a>.<\/li>\n<li>Mismo que <a href=\"http:\/\/foroscastilla.org\/foros\/index.php?topic=12431.0;wap2\" target=\"_blank\" rel=\"noopener\">anterior<\/a> de donde copia el contenido: <a href=\"https:\/\/historiadecovaleda.wordpress.com\/2014\/11\/20\/sobre-las-antiguas-instituciones-populares-de-castilla-iv\/\" target=\"_blank\" rel=\"noopener\">historiadecovaleda.wordpress.com<\/a>.<\/li>\n<li><a href=\"http:\/\/palomatorrijos.blogspot.com\/2018\/03\/las-tres-casas-de-la-olmeda-soria.html\" target=\"_blank\" rel=\"noopener\">Las Tres Casas de la Olmeda. Soria (Blog de Paloma Torrijos)<\/a>.<\/li>\n<\/ul>\n<hr \/>\n<p>&nbsp;<\/p>\n","protected":false},"excerpt":{"rendered":"<p>La Olmeda es una peque\u00f1a localidad situada al sudeste de Osma, en una extensa llanura a orillas del r\u00edo Sequillo, inmediato a su uni\u00f3n con el Ucero y poco antes de que \u00e9ste tribute sus aguas al Duero. Hist\u00f3ricamente ha &hellip; <a href=\"https:\/\/kochise.com.es\/wordpress\/la-olmeda-soria-sede-de-la-junta-de-las-tres-casas\/\">Continue reading <span class=\"meta-nav\">&rarr;<\/span><\/a><\/p>\n","protected":false},"author":2,"featured_media":0,"comment_status":"open","ping_status":"open","sticky":false,"template":"","format":"standard","meta":{"_exactmetrics_skip_tracking":false,"footnotes":""},"categories":[737],"tags":[1195,762,849,845,1198,760,850,847,1197,848,852,761,846,1196,851],"class_list":["post-9863","post","type-post","status-publish","format-standard","hentry","category-etnografia","tag-arca","tag-fernan-gonzalez","tag-gormaz","tag-junta","tag-junta-de-las-tres-casas","tag-la-olmeda","tag-mancomunidad","tag-osma","tag-retrato","tag-san-esteban","tag-sede","tag-soria","tag-tres-casas","tag-tres-llaves","tag-villa-y-tierra"],"aioseo_notices":[],"aioseo_head":"\n\t\t<!-- All in One SEO 5.0.1.1 - aioseo.com -->\n\t<meta name=\"description\" content=\"Estudio de la Junta de las Tres Casas de la Olmeda (Soria), sede de la instituci\u00f3n medieval de la Comunidad de villa y tierra que formaban Osma, San Esteban y Gormaz.\" \/>\n\t<meta name=\"robots\" content=\"max-image-preview:large\" \/>\n\t<meta name=\"author\" content=\"Ricardo Sanz\"\/>\n\t<meta name=\"keywords\" content=\"la olmeda,soria,la olmeda (soria),junta,tres casas,osma,san esteban,gormaz,mancomunidad,villa y tierra,fernan gonzalez,sede,arca,junta de las tres casas,retrato,tres llaves,etnograf\u00eda\" \/>\n\t<link rel=\"canonical\" href=\"https:\/\/kochise.com.es\/wordpress\/la-olmeda-soria-sede-de-la-junta-de-las-tres-casas\/\" \/>\n\t<meta name=\"generator\" content=\"All in One SEO (AIOSEO) 5.0.1.1\" \/>\n\t\t<meta property=\"og:locale\" content=\"es_ES\" \/>\n\t\t<meta property=\"og:site_name\" content=\"\u24c0\u24de\u24d2\u24d7\u24d8\u24e2\u24d4     \u06de | \u2623 Freestyler - Ich poste, was ich mag und mich interessiert\" \/>\n\t\t<meta property=\"og:type\" content=\"article\" \/>\n\t\t<meta property=\"og:title\" content=\"La Olmeda (Soria), Sede de la Junta de las Tres Casas | \u24c0\u24de\u24d2\u24d7\u24d8\u24e2\u24d4 \u06de\" \/>\n\t\t<meta property=\"og:description\" content=\"Estudio de la Junta de las Tres Casas de la Olmeda (Soria), sede de la instituci\u00f3n medieval de la Comunidad de villa y tierra que formaban Osma, San Esteban y Gormaz.\" \/>\n\t\t<meta property=\"og:url\" content=\"https:\/\/kochise.com.es\/wordpress\/la-olmeda-soria-sede-de-la-junta-de-las-tres-casas\/\" \/>\n\t\t<meta property=\"article:published_time\" content=\"2019-09-20T16:15:14+00:00\" \/>\n\t\t<meta property=\"article:modified_time\" content=\"2025-06-19T18:38:17+00:00\" \/>\n\t\t<meta name=\"twitter:card\" content=\"summary\" \/>\n\t\t<meta name=\"twitter:title\" content=\"La Olmeda (Soria), Sede de la Junta de las Tres Casas | \u24c0\u24de\u24d2\u24d7\u24d8\u24e2\u24d4 \u06de\" \/>\n\t\t<meta name=\"twitter:description\" content=\"Estudio de la Junta de las Tres Casas de la Olmeda (Soria), sede de la instituci\u00f3n medieval de la Comunidad de villa y tierra que formaban Osma, San Esteban y Gormaz.\" \/>\n\t\t<script type=\"application\/ld+json\" class=\"aioseo-schema\">\n\t\t\t{\"@context\":\"https:\\\/\\\/schema.org\",\"@graph\":[{\"@type\":\"Article\",\"@id\":\"https:\\\/\\\/kochise.com.es\\\/wordpress\\\/la-olmeda-soria-sede-de-la-junta-de-las-tres-casas\\\/#article\",\"name\":\"La Olmeda (Soria), Sede de la Junta de las Tres Casas | \\u24c0\\u24de\\u24d2\\u24d7\\u24d8\\u24e2\\u24d4 \\u06de\",\"headline\":\"La Olmeda (Soria), sede de la Junta de las Tres Casas\",\"author\":{\"@id\":\"https:\\\/\\\/kochise.com.es\\\/wordpress\\\/author\\\/ricardo-sanz-aguilera\\\/#author\"},\"publisher\":{\"@id\":\"https:\\\/\\\/kochise.com.es\\\/wordpress\\\/#organization\"},\"image\":{\"@type\":\"ImageObject\",\"url\":\"https:\\\/\\\/kochise.com.es\\\/wordpress\\\/wp-content\\\/uploads\\\/2017\\\/La_Olmeda_Descripcion_historica_del_obispado_de_osma_1787.jpg\",\"@id\":\"https:\\\/\\\/kochise.com.es\\\/wordpress\\\/la-olmeda-soria-sede-de-la-junta-de-las-tres-casas\\\/#articleImage\"},\"datePublished\":\"2019-09-20T17:15:14+01:00\",\"dateModified\":\"2025-06-19T19:38:17+01:00\",\"inLanguage\":\"es-ES\",\"commentCount\":2,\"mainEntityOfPage\":{\"@id\":\"https:\\\/\\\/kochise.com.es\\\/wordpress\\\/la-olmeda-soria-sede-de-la-junta-de-las-tres-casas\\\/#webpage\"},\"isPartOf\":{\"@id\":\"https:\\\/\\\/kochise.com.es\\\/wordpress\\\/la-olmeda-soria-sede-de-la-junta-de-las-tres-casas\\\/#webpage\"},\"articleSection\":\"Etnograf\\u00eda, arca, Fernan Gonzalez, gormaz, junta, Junta de las Tres Casas, La Olmeda, mancomunidad, osma, retrato, san esteban, sede, Soria, tres casas, tres llaves, villa y tierra\"},{\"@type\":\"BreadcrumbList\",\"@id\":\"https:\\\/\\\/kochise.com.es\\\/wordpress\\\/la-olmeda-soria-sede-de-la-junta-de-las-tres-casas\\\/#breadcrumblist\",\"itemListElement\":[{\"@type\":\"ListItem\",\"@id\":\"https:\\\/\\\/kochise.com.es\\\/wordpress#listItem\",\"position\":1,\"name\":\"Home\",\"item\":\"https:\\\/\\\/kochise.com.es\\\/wordpress\",\"nextItem\":{\"@type\":\"ListItem\",\"@id\":\"https:\\\/\\\/kochise.com.es\\\/wordpress\\\/category\\\/etnografia\\\/#listItem\",\"name\":\"Etnograf\\u00eda\"}},{\"@type\":\"ListItem\",\"@id\":\"https:\\\/\\\/kochise.com.es\\\/wordpress\\\/category\\\/etnografia\\\/#listItem\",\"position\":2,\"name\":\"Etnograf\\u00eda\",\"item\":\"https:\\\/\\\/kochise.com.es\\\/wordpress\\\/category\\\/etnografia\\\/\",\"nextItem\":{\"@type\":\"ListItem\",\"@id\":\"https:\\\/\\\/kochise.com.es\\\/wordpress\\\/la-olmeda-soria-sede-de-la-junta-de-las-tres-casas\\\/#listItem\",\"name\":\"La Olmeda (Soria), sede de la Junta de las Tres Casas\"},\"previousItem\":{\"@type\":\"ListItem\",\"@id\":\"https:\\\/\\\/kochise.com.es\\\/wordpress#listItem\",\"name\":\"Home\"}},{\"@type\":\"ListItem\",\"@id\":\"https:\\\/\\\/kochise.com.es\\\/wordpress\\\/la-olmeda-soria-sede-de-la-junta-de-las-tres-casas\\\/#listItem\",\"position\":3,\"name\":\"La Olmeda (Soria), sede de la Junta de las Tres Casas\",\"previousItem\":{\"@type\":\"ListItem\",\"@id\":\"https:\\\/\\\/kochise.com.es\\\/wordpress\\\/category\\\/etnografia\\\/#listItem\",\"name\":\"Etnograf\\u00eda\"}}]},{\"@type\":\"Organization\",\"@id\":\"https:\\\/\\\/kochise.com.es\\\/wordpress\\\/#organization\",\"name\":\"\\u24c0\\u24de\\u24d2\\u24d7\\u24d8\\u24e2\\u24d4     \\u06de\",\"description\":\"\\u2623 Freestyler - Ich poste, was ich mag und mich interessiert\",\"url\":\"https:\\\/\\\/kochise.com.es\\\/wordpress\\\/\"},{\"@type\":\"Person\",\"@id\":\"https:\\\/\\\/kochise.com.es\\\/wordpress\\\/author\\\/ricardo-sanz-aguilera\\\/#author\",\"url\":\"https:\\\/\\\/kochise.com.es\\\/wordpress\\\/author\\\/ricardo-sanz-aguilera\\\/\",\"name\":\"Ricardo Sanz\",\"image\":{\"@type\":\"ImageObject\",\"@id\":\"https:\\\/\\\/kochise.com.es\\\/wordpress\\\/la-olmeda-soria-sede-de-la-junta-de-las-tres-casas\\\/#authorImage\",\"url\":\"https:\\\/\\\/secure.gravatar.com\\\/avatar\\\/bf3018dd57eb041d2ca5bd5b54b687073a5f9f7dc451745040e5e9439702a183?s=96&d=mm&r=g\",\"width\":96,\"height\":96,\"caption\":\"Ricardo Sanz\"}},{\"@type\":\"WebPage\",\"@id\":\"https:\\\/\\\/kochise.com.es\\\/wordpress\\\/la-olmeda-soria-sede-de-la-junta-de-las-tres-casas\\\/#webpage\",\"url\":\"https:\\\/\\\/kochise.com.es\\\/wordpress\\\/la-olmeda-soria-sede-de-la-junta-de-las-tres-casas\\\/\",\"name\":\"La Olmeda (Soria), Sede de la Junta de las Tres Casas | \\u24c0\\u24de\\u24d2\\u24d7\\u24d8\\u24e2\\u24d4 \\u06de\",\"description\":\"Estudio de la Junta de las Tres Casas de la Olmeda (Soria), sede de la instituci\\u00f3n medieval de la Comunidad de villa y tierra que formaban Osma, San Esteban y Gormaz.\",\"inLanguage\":\"es-ES\",\"isPartOf\":{\"@id\":\"https:\\\/\\\/kochise.com.es\\\/wordpress\\\/#website\"},\"breadcrumb\":{\"@id\":\"https:\\\/\\\/kochise.com.es\\\/wordpress\\\/la-olmeda-soria-sede-de-la-junta-de-las-tres-casas\\\/#breadcrumblist\"},\"author\":{\"@id\":\"https:\\\/\\\/kochise.com.es\\\/wordpress\\\/author\\\/ricardo-sanz-aguilera\\\/#author\"},\"creator\":{\"@id\":\"https:\\\/\\\/kochise.com.es\\\/wordpress\\\/author\\\/ricardo-sanz-aguilera\\\/#author\"},\"datePublished\":\"2019-09-20T17:15:14+01:00\",\"dateModified\":\"2025-06-19T19:38:17+01:00\"},{\"@type\":\"WebSite\",\"@id\":\"https:\\\/\\\/kochise.com.es\\\/wordpress\\\/#website\",\"url\":\"https:\\\/\\\/kochise.com.es\\\/wordpress\\\/\",\"name\":\"\\u24c0\\u24de\\u24d2\\u24d7\\u24d8\\u24e2\\u24d4 \\u06de\",\"description\":\"\\u2623 Freestyler - Ich poste, was ich mag und mich interessiert\",\"inLanguage\":\"es-ES\",\"publisher\":{\"@id\":\"https:\\\/\\\/kochise.com.es\\\/wordpress\\\/#organization\"}}]}\n\t\t<\/script>\n\t\t<!-- All in One SEO -->\n\n","aioseo_head_json":{"title":"La Olmeda (Soria), Sede de la Junta de las Tres Casas | \u24c0\u24de\u24d2\u24d7\u24d8\u24e2\u24d4 \u06de","description":"Estudio de la Junta de las Tres Casas de la Olmeda (Soria), sede de la instituci\u00f3n medieval de la Comunidad de villa y tierra que formaban Osma, San Esteban y Gormaz.","canonical_url":"https:\/\/kochise.com.es\/wordpress\/la-olmeda-soria-sede-de-la-junta-de-las-tres-casas\/","robots":"max-image-preview:large","keywords":"la olmeda,soria,la olmeda (soria),junta,tres casas,osma,san esteban,gormaz,mancomunidad,villa y tierra,fernan gonzalez,sede,arca,junta de las tres casas,retrato,tres llaves,etnograf\u00eda","webmasterTools":{"miscellaneous":""},"schema":{"@context":"https:\/\/schema.org","@graph":[{"@type":"Article","@id":"https:\/\/kochise.com.es\/wordpress\/la-olmeda-soria-sede-de-la-junta-de-las-tres-casas\/#article","name":"La Olmeda (Soria), Sede de la Junta de las Tres Casas | \u24c0\u24de\u24d2\u24d7\u24d8\u24e2\u24d4 \u06de","headline":"La Olmeda (Soria), sede de la Junta de las Tres Casas","author":{"@id":"https:\/\/kochise.com.es\/wordpress\/author\/ricardo-sanz-aguilera\/#author"},"publisher":{"@id":"https:\/\/kochise.com.es\/wordpress\/#organization"},"image":{"@type":"ImageObject","url":"https:\/\/kochise.com.es\/wordpress\/wp-content\/uploads\/2017\/La_Olmeda_Descripcion_historica_del_obispado_de_osma_1787.jpg","@id":"https:\/\/kochise.com.es\/wordpress\/la-olmeda-soria-sede-de-la-junta-de-las-tres-casas\/#articleImage"},"datePublished":"2019-09-20T17:15:14+01:00","dateModified":"2025-06-19T19:38:17+01:00","inLanguage":"es-ES","commentCount":2,"mainEntityOfPage":{"@id":"https:\/\/kochise.com.es\/wordpress\/la-olmeda-soria-sede-de-la-junta-de-las-tres-casas\/#webpage"},"isPartOf":{"@id":"https:\/\/kochise.com.es\/wordpress\/la-olmeda-soria-sede-de-la-junta-de-las-tres-casas\/#webpage"},"articleSection":"Etnograf\u00eda, arca, Fernan Gonzalez, gormaz, junta, Junta de las Tres Casas, La Olmeda, mancomunidad, osma, retrato, san esteban, sede, Soria, tres casas, tres llaves, villa y tierra"},{"@type":"BreadcrumbList","@id":"https:\/\/kochise.com.es\/wordpress\/la-olmeda-soria-sede-de-la-junta-de-las-tres-casas\/#breadcrumblist","itemListElement":[{"@type":"ListItem","@id":"https:\/\/kochise.com.es\/wordpress#listItem","position":1,"name":"Home","item":"https:\/\/kochise.com.es\/wordpress","nextItem":{"@type":"ListItem","@id":"https:\/\/kochise.com.es\/wordpress\/category\/etnografia\/#listItem","name":"Etnograf\u00eda"}},{"@type":"ListItem","@id":"https:\/\/kochise.com.es\/wordpress\/category\/etnografia\/#listItem","position":2,"name":"Etnograf\u00eda","item":"https:\/\/kochise.com.es\/wordpress\/category\/etnografia\/","nextItem":{"@type":"ListItem","@id":"https:\/\/kochise.com.es\/wordpress\/la-olmeda-soria-sede-de-la-junta-de-las-tres-casas\/#listItem","name":"La Olmeda (Soria), sede de la Junta de las Tres Casas"},"previousItem":{"@type":"ListItem","@id":"https:\/\/kochise.com.es\/wordpress#listItem","name":"Home"}},{"@type":"ListItem","@id":"https:\/\/kochise.com.es\/wordpress\/la-olmeda-soria-sede-de-la-junta-de-las-tres-casas\/#listItem","position":3,"name":"La Olmeda (Soria), sede de la Junta de las Tres Casas","previousItem":{"@type":"ListItem","@id":"https:\/\/kochise.com.es\/wordpress\/category\/etnografia\/#listItem","name":"Etnograf\u00eda"}}]},{"@type":"Organization","@id":"https:\/\/kochise.com.es\/wordpress\/#organization","name":"\u24c0\u24de\u24d2\u24d7\u24d8\u24e2\u24d4     \u06de","description":"\u2623 Freestyler - Ich poste, was ich mag und mich interessiert","url":"https:\/\/kochise.com.es\/wordpress\/"},{"@type":"Person","@id":"https:\/\/kochise.com.es\/wordpress\/author\/ricardo-sanz-aguilera\/#author","url":"https:\/\/kochise.com.es\/wordpress\/author\/ricardo-sanz-aguilera\/","name":"Ricardo Sanz","image":{"@type":"ImageObject","@id":"https:\/\/kochise.com.es\/wordpress\/la-olmeda-soria-sede-de-la-junta-de-las-tres-casas\/#authorImage","url":"https:\/\/secure.gravatar.com\/avatar\/bf3018dd57eb041d2ca5bd5b54b687073a5f9f7dc451745040e5e9439702a183?s=96&d=mm&r=g","width":96,"height":96,"caption":"Ricardo Sanz"}},{"@type":"WebPage","@id":"https:\/\/kochise.com.es\/wordpress\/la-olmeda-soria-sede-de-la-junta-de-las-tres-casas\/#webpage","url":"https:\/\/kochise.com.es\/wordpress\/la-olmeda-soria-sede-de-la-junta-de-las-tres-casas\/","name":"La Olmeda (Soria), Sede de la Junta de las Tres Casas | \u24c0\u24de\u24d2\u24d7\u24d8\u24e2\u24d4 \u06de","description":"Estudio de la Junta de las Tres Casas de la Olmeda (Soria), sede de la instituci\u00f3n medieval de la Comunidad de villa y tierra que formaban Osma, San Esteban y Gormaz.","inLanguage":"es-ES","isPartOf":{"@id":"https:\/\/kochise.com.es\/wordpress\/#website"},"breadcrumb":{"@id":"https:\/\/kochise.com.es\/wordpress\/la-olmeda-soria-sede-de-la-junta-de-las-tres-casas\/#breadcrumblist"},"author":{"@id":"https:\/\/kochise.com.es\/wordpress\/author\/ricardo-sanz-aguilera\/#author"},"creator":{"@id":"https:\/\/kochise.com.es\/wordpress\/author\/ricardo-sanz-aguilera\/#author"},"datePublished":"2019-09-20T17:15:14+01:00","dateModified":"2025-06-19T19:38:17+01:00"},{"@type":"WebSite","@id":"https:\/\/kochise.com.es\/wordpress\/#website","url":"https:\/\/kochise.com.es\/wordpress\/","name":"\u24c0\u24de\u24d2\u24d7\u24d8\u24e2\u24d4 \u06de","description":"\u2623 Freestyler - Ich poste, was ich mag und mich interessiert","inLanguage":"es-ES","publisher":{"@id":"https:\/\/kochise.com.es\/wordpress\/#organization"}}]},"og:locale":"es_ES","og:site_name":"\u24c0\u24de\u24d2\u24d7\u24d8\u24e2\u24d4     \u06de | \u2623 Freestyler - Ich poste, was ich mag und mich interessiert","og:type":"article","og:title":"La Olmeda (Soria), Sede de la Junta de las Tres Casas | \u24c0\u24de\u24d2\u24d7\u24d8\u24e2\u24d4 \u06de","og:description":"Estudio de la Junta de las Tres Casas de la Olmeda (Soria), sede de la instituci\u00f3n medieval de la Comunidad de villa y tierra que formaban Osma, San Esteban y Gormaz.","og:url":"https:\/\/kochise.com.es\/wordpress\/la-olmeda-soria-sede-de-la-junta-de-las-tres-casas\/","article:published_time":"2019-09-20T16:15:14+00:00","article:modified_time":"2025-06-19T18:38:17+00:00","twitter:card":"summary","twitter:title":"La Olmeda (Soria), Sede de la Junta de las Tres Casas | \u24c0\u24de\u24d2\u24d7\u24d8\u24e2\u24d4 \u06de","twitter:description":"Estudio de la Junta de las Tres Casas de la Olmeda (Soria), sede de la instituci\u00f3n medieval de la Comunidad de villa y tierra que formaban Osma, San Esteban y Gormaz."},"aioseo_meta_data":{"post_id":"9863","title":"La Olmeda (Soria), Sede de la Junta de las Tres Casas | #site_title","description":"Estudio de la Junta de las Tres Casas de la Olmeda (Soria), sede de la instituci\u00f3n medieval de la Comunidad de villa y tierra que formaban Osma, San Esteban y Gormaz.","keywords":[{"label":"la olmeda","value":"la olmeda"},{"label":"soria","value":"soria"},{"label":"la olmeda (soria)","value":"la olmeda (soria)"},{"label":"junta","value":"junta"},{"label":"tres casas","value":"tres casas"},{"label":"osma","value":"osma"},{"label":"san esteban","value":"san esteban"},{"label":"gormaz","value":"gormaz"},{"label":"mancomunidad","value":"mancomunidad"},{"label":"villa y tierra","value":"villa y tierra"},{"label":"fernan gonzalez","value":"fernan gonzalez"},{"label":"sede","value":"sede"}],"keyphrases":{"focus":{"keyphrase":"","score":0,"analysis":{"keyphraseInTitle":{"score":0,"maxScore":9,"error":1}}},"additional":[]},"primary_term":null,"canonical_url":null,"og_title":null,"og_description":null,"og_object_type":"default","og_image_type":"default","og_image_url":null,"og_image_width":null,"og_image_height":null,"og_image_custom_url":null,"og_image_custom_fields":null,"og_video":"","og_custom_url":null,"og_article_section":null,"og_article_tags":null,"twitter_use_og":false,"twitter_card":"default","twitter_image_type":"default","twitter_image_url":null,"twitter_image_custom_url":null,"twitter_image_custom_fields":null,"twitter_title":null,"twitter_description":null,"schema":{"blockGraphs":[],"customGraphs":[],"default":{"data":{"Article":[],"Course":[],"Dataset":[],"FAQPage":[],"Movie":[],"Person":[],"Product":[],"ProductReview":[],"Car":[],"Recipe":[],"Service":[],"SoftwareApplication":[],"WebPage":[]},"graphName":"Article","isEnabled":true},"graphs":[],"defaultGraph":"Article","defaultPostTypeGraph":""},"schema_type":"default","schema_type_options":"{\"article\":{\"articleType\":\"BlogPosting\"},\"course\":{\"name\":\"\",\"description\":\"\",\"provider\":\"\"},\"faq\":{\"pages\":[]},\"product\":{\"reviews\":[]},\"recipe\":{\"ingredients\":[],\"instructions\":[],\"keywords\":[]},\"software\":{\"reviews\":[],\"operatingSystems\":[]},\"webPage\":{\"webPageType\":\"WebPage\"},\"blockGraphs\":[]}","pillar_content":false,"robots_default":true,"robots_noindex":false,"robots_noarchive":false,"robots_nosnippet":false,"robots_nofollow":false,"robots_noimageindex":false,"robots_noodp":false,"robots_notranslate":false,"robots_max_snippet":"-1","robots_max_videopreview":"-1","robots_max_imagepreview":"large","priority":null,"frequency":"default","local_seo":null,"breadcrumb_settings":null,"limit_modified_date":false,"ai":null,"created":"2020-12-29 13:16:58","updated":"2025-06-19 18:38:18","seo_analyzer_scan_date":null,"focus_keyword":null,"additional_keywords":null,"truseo_locale":null},"aioseo_breadcrumb":"<div class=\"aioseo-breadcrumbs\"><span class=\"aioseo-breadcrumb\">\n\t\t\t<a href=\"https:\/\/kochise.com.es\/wordpress\" title=\"Home\">Home<\/a>\n\t\t<\/span><span class=\"aioseo-breadcrumb-separator\">\u00bb<\/span><span class=\"aioseo-breadcrumb\">\n\t\t\t<a href=\"https:\/\/kochise.com.es\/wordpress\/category\/etnografia\/\" title=\"Etnograf\u00eda\">Etnograf\u00eda<\/a>\n\t\t<\/span><span class=\"aioseo-breadcrumb-separator\">\u00bb<\/span><span class=\"aioseo-breadcrumb\">\n\t\t\tLa Olmeda (Soria), sede de la Junta de las Tres Casas\n\t\t<\/span><\/div>","aioseo_breadcrumb_json":[{"label":"Home","link":"https:\/\/kochise.com.es\/wordpress"},{"label":"Etnograf\u00eda","link":"https:\/\/kochise.com.es\/wordpress\/category\/etnografia\/"},{"label":"La Olmeda (Soria), sede de la Junta de las Tres Casas","link":"https:\/\/kochise.com.es\/wordpress\/la-olmeda-soria-sede-de-la-junta-de-las-tres-casas\/"}],"_links":{"self":[{"href":"https:\/\/kochise.com.es\/wordpress\/wp-json\/wp\/v2\/posts\/9863","targetHints":{"allow":["GET"]}}],"collection":[{"href":"https:\/\/kochise.com.es\/wordpress\/wp-json\/wp\/v2\/posts"}],"about":[{"href":"https:\/\/kochise.com.es\/wordpress\/wp-json\/wp\/v2\/types\/post"}],"author":[{"embeddable":true,"href":"https:\/\/kochise.com.es\/wordpress\/wp-json\/wp\/v2\/users\/2"}],"replies":[{"embeddable":true,"href":"https:\/\/kochise.com.es\/wordpress\/wp-json\/wp\/v2\/comments?post=9863"}],"version-history":[{"count":59,"href":"https:\/\/kochise.com.es\/wordpress\/wp-json\/wp\/v2\/posts\/9863\/revisions"}],"predecessor-version":[{"id":39920,"href":"https:\/\/kochise.com.es\/wordpress\/wp-json\/wp\/v2\/posts\/9863\/revisions\/39920"}],"wp:attachment":[{"href":"https:\/\/kochise.com.es\/wordpress\/wp-json\/wp\/v2\/media?parent=9863"}],"wp:term":[{"taxonomy":"category","embeddable":true,"href":"https:\/\/kochise.com.es\/wordpress\/wp-json\/wp\/v2\/categories?post=9863"},{"taxonomy":"post_tag","embeddable":true,"href":"https:\/\/kochise.com.es\/wordpress\/wp-json\/wp\/v2\/tags?post=9863"}],"curies":[{"name":"wp","href":"https:\/\/api.w.org\/{rel}","templated":true}]}}